{"id":25562,"date":"2017-12-15T21:24:45","date_gmt":"2017-12-15T21:24:45","guid":{"rendered":"https:\/\/stageccl.wpengine.com\/colombia-joins-ccl-global-family\/"},"modified":"2017-12-19T19:34:22","modified_gmt":"2017-12-19T19:34:22","slug":"colombia-se-une-a-la-familial-global-de-ccl","status":"publish","type":"post","link":"https:\/\/citizensclimatelobby.org\/es\/blog\/america-latina\/colombia-se-une-a-la-familial-global-de-ccl\/","title":{"rendered":"Colombia se une a la familia global de CCL"},"content":{"rendered":"<div id=\"attachment_25557\" style=\"width: 660px\" class=\"wp-caption aligncenter\"><img aria-describedby=\"caption-attachment-25557\" decoding=\"async\" class=\"size-full wp-image-25557\" src=\"https:\/\/citizensclimatelobby.org\/wp-content\/uploads\/2017\/12\/CCL-Bogota-header.jpg\" alt=\"CCL Bogot\u00e1, Colombia re reune sobre el cambio clim\u00e1tico\" width=\"650\" height=\"325\" srcset=\"https:\/\/citizensclimatelobby.org\/wp-content\/uploads\/2017\/12\/CCL-Bogota-header.jpg 650w, https:\/\/citizensclimatelobby.org\/wp-content\/uploads\/2017\/12\/CCL-Bogota-header-300x150.jpg 300w\" sizes=\"(max-width: 650px) 100vw, 650px\" \/><p id=\"caption-attachment-25557\" class=\"wp-caption-text\">CCL Bogot\u00e1 se celebr\u00f3 su primera reuni\u00f3n en noviembre en la Universidad Piloto.<\/p><\/div>\n<h1><b>Colombia se une a la familia global de CCL<\/b><\/h1>\n<p><b>Por Cathy Orlando<\/b><\/p>\n<p>La Universidad Piloto de Colombia fue la sede del primer capitulo de Ciudadanos por Un Clima Vivible (CCL) colombiano el cual se lanz\u00f3 el s\u00e1bado 11 de noviembre en Bogot\u00e1. Laura Morales, una ec\u00f3loga especializada en gesti\u00f3n ambiental urbana lider\u00f3 el nuevo grupo. Laura tambi\u00e9n es un l\u00edder del grupo <a href=\"https:\/\/www.climaterealityproject.org\/\" target=\"_blank\" rel=\"noopener\"><span style=\"font-weight: 400\">Climate Reality<\/span><\/a><span style=\"font-weight: 400\">. <\/span><\/p>\n<p>Laura previamente estuvo como voluntaria de CCL en el cap\u00edtulo de Boca Rat\u00f3n. &#8220;Louis est\u00e1 realizando un gran trabajo&#8221;, dijo Laura sobre el l\u00edder del grupo de la Florida. &#8220;Aprend\u00ed mucho de \u00e9l, particip\u00e9 en diferentes eventos y tambi\u00e9n asist\u00ed al <a href=\"https:\/\/citizensclimatelobby.org\/es\/nuevos-voluntarios\/\" target=\"_blank\" rel=\"noopener\"><span style=\"font-weight: 400\">taller de CCL<\/span><\/a><span style=\"font-weight: 400\">&#8220;.<\/span><\/p>\n<p><span style=\"font-weight: 400\">El gobierno de Colombia <\/span><a href=\"http:\/\/www.minambiente.gov.co\/images\/abc_carbono_final29ago.pdf\" target=\"_blank\" rel=\"noopener\"><span style=\"font-weight: 400\">implement\u00f3 un impuesto al carbono<\/span><\/a> en junio de este a\u00f1o, fijando el precio del carbono en $5 por tonelada. CCL Bogot\u00e1 determin\u00f3 que quieren seguir trabajando en el precio del carbono de Colombia y ver c\u00f3mo efectivamente reduce las emisiones en este pa\u00eds.<\/p>\n<p><b>Primera reuni\u00f3n y oportunidad de abogar por el clima<\/b><\/p>\n<p>En la primera reuni\u00f3n de CCL Bogot\u00e1, Laura comparti\u00f3 una breve introducci\u00f3n sobre la organizaci\u00f3n, habl\u00f3 sobre los efectos del cambio clim\u00e1tico y present\u00f3 los objetivos, acciones y logros mundiales de CCL. Parte de la presentaci\u00f3n se enfoc\u00f3 en hablar sobre la soluci\u00f3n CCL: <a href=\"https:\/\/citizensclimatelobby.org\/es\/dividendos-energeticos\" target=\"_blank\" rel=\"noopener\"><span style=\"font-weight: 400\">Dividendos Energ\u00e9ticos<\/span><\/a><span style=\"font-weight: 400\">. Despu\u00e9s de su presentaci\u00f3n el grupo se uni\u00f3 a la Reuni\u00f3n Mensual de noviembre 2017 en l\u00ednea, con la participaci\u00f3n del orador principal, <\/span><a href=\"\/?p=25130\" target=\"_blank\" rel=\"noopener\"><span style=\"font-weight: 400\">el mayor general Rick Devereaux<\/span><\/a><span style=\"font-weight: 400\"> quien habl\u00f3 sobre el cambio clim\u00e1tico y la seguridad nacional.<br \/>\n<\/span><\/p>\n<p>Los miembros de CCL Bogot\u00e1 son un grupo interdisciplinario con un gran inter\u00e9s en aprender sobre el cambio clim\u00e1tico, las pol\u00edticas ambientales y las acciones de CCL. Algunos de los voluntarios tienen una amplia experiencia trabajando en el campo del medio ambiente, lo que sin duda alimentar\u00e1 la discusi\u00f3n sobre las soluciones clim\u00e1ticas para generar una voluntad pol\u00edtica.<\/p>\n<p><b>El cabildeo comienza<\/b><\/p>\n<p>Desde su primera reuni\u00f3n, el grupo tuvo su primera oportunidad de cabildear oficialmente a algunos de los candidatos presidenciales de Colombia en un debate llamado \u201cEncuentro por el agua\u201d. Adem\u00e1s, tuvieron la primera reuni\u00f3n con el personal del senador y candidato presidencial Jorge Robledo. M\u00e1s reuniones se est\u00e1n planeando en los pr\u00f3ximos d\u00edas con otros senadores.<\/p>\n<p>\u201cColombia est\u00e1 creando un precedente con un impuestoa sobre el carbono, pero dado que nuestro pa\u00eds solo contribuye con el 0.4% de las emisiones de gases de efecto invernadero, nuestro compromiso con el Acuerdo de Par\u00eds debe articularse con otras estrategias, como planes de adaptaci\u00f3n y reducci\u00f3n de tasas de deforestaci\u00f3n\u201d, coment\u00f3 Laura. \u201cAunque no enfrentamos la negaci\u00f3n del cambio clim\u00e1tico en Colombia, todav\u00eda hay mucho trabajo por hacer para ver las pol\u00edticas ambientales reflejadas en la realidad. La educaci\u00f3n ambiental y de pol\u00edticas es crucial, no solo para los ciudadanos comunes, sino tambi\u00e9n para nuestros l\u00edderes y aquellos que toman decisiones cruciales\u201d.<\/p>\n<p><b>Seguimiento bilingual<\/b><\/p>\n<p>Despu\u00e9s de su primera reuni\u00f3n, Laura envi\u00f3 boletines en ingl\u00e9s y en espa\u00f1ol en honor a la primera reuni\u00f3n oficial de CCL en Colombia.<\/p>\n<p>Adem\u00e1s ofreci\u00f3 su agradecimiento a las siguientes personas: Bibian Garc\u00eda, la coordinadora de investigaci\u00f3n y miembro de la Facultad de Ciencias Ambientales de la Universidad Piloto; Tami Kellogg, una de las coordinadoras regionales de CCL en Am\u00e9rica Latina; Cathy Orlando, la directora de relaciones internacionales; Louis Merlin, el l\u00edder del grupo de Boca Rat\u00f3n, y Briana Smith, la coordinadora de membres\u00eda de CCL.<\/p>\n<p>Los interesados en unirse al cap\u00edtulo de CCL en Bogot\u00e1, pueden enviar un correo electr\u00f3nico a \u201cbogota.col@ClimaVivible.org\u201d. Para recursos de CCL en espa\u00f1ol, visite <span style=\"font-weight: 400\"><a href=\"http:\/\/www.climavivible.org\" target=\"_blank\" rel=\"noopener\">climavivible.org<\/a>\u00a0 o siga <\/span><a href=\"https:\/\/twitter.com\/CCLespanol\" target=\"_blank\" rel=\"noopener\"><span style=\"font-weight: 400\">CCL En Espa\u00f1ol<\/span><\/a><span style=\"font-weight: 400\"> en Twitter. <\/span><\/p>\n","protected":false},"excerpt":{"rendered":"<p>Colombia se une a la familia global de CCL Por Cathy Orlando La Universidad Piloto de Colombia fue la sede del primer capitulo de Ciudadanos por Un Clima Vivible (CCL) colombiano el cual se lanz\u00f3 el s\u00e1bado 11 de noviembre en Bogot\u00e1. Laura Morales, una ec\u00f3loga especializada en gesti\u00f3n ambiental urbana lider\u00f3 el nuevo grupo. Laura tambi\u00e9n es un l\u00edder [&hellip;]<\/p>\n","protected":false},"author":6,"featured_media":25558,"comment_status":"closed","ping_status":"closed","sticky":false,"template":"","format":"standard","meta":{"footnotes":""},"categories":[926],"tags":[],"acf":[],"yoast_head":"<!-- This site is optimized with the Yoast SEO Premium plugin v21.3 (Yoast SEO v21.3) - https:\/\/yoast.com\/wordpress\/plugins\/seo\/ -->\n<title>Colombia se une a la familia global de CCL | Citizens&#039; Climate Lobby<\/title>\n<meta name=\"description\" content=\"Colombia implement\u00f3 un impuesto al carbono en junio de este a\u00f1o. Ahora, un nuevo cap\u00edtulo de CCL en Bogot\u00e1 trabajar\u00e1 a hacerlo a\u00fan m\u00e1s efectivo.\" \/>\n<meta name=\"robots\" content=\"index, follow, max-snippet:-1, max-image-preview:large, max-video-preview:-1\" \/>\n<link rel=\"canonical\" href=\"https:\/\/citizensclimatelobby.org\/es\/blog\/america-latina\/colombia-se-une-a-la-familial-global-de-ccl\/\" \/>\n<meta property=\"og:locale\" content=\"es_ES\" \/>\n<meta property=\"og:type\" content=\"article\" \/>\n<meta property=\"og:title\" content=\"Colombia se une a la familia global de CCL\" \/>\n<meta property=\"og:description\" content=\"Colombia implement\u00f3 un impuesto al carbono en junio de este a\u00f1o. Ahora, un nuevo cap\u00edtulo de CCL en Bogot\u00e1 trabajar\u00e1 a hacerlo a\u00fan m\u00e1s efectivo.\" \/>\n<meta property=\"og:url\" content=\"https:\/\/citizensclimatelobby.org\/es\/blog\/america-latina\/colombia-se-une-a-la-familial-global-de-ccl\/\" \/>\n<meta property=\"og:site_name\" content=\"Citizens&#039; Climate Lobby\" \/>\n<meta property=\"article:publisher\" content=\"https:\/\/www.facebook.com\/CitizensClimateLobby\/\" \/>\n<meta property=\"article:published_time\" content=\"2017-12-15T21:24:45+00:00\" \/>\n<meta property=\"article:modified_time\" content=\"2017-12-19T19:34:22+00:00\" \/>\n<meta property=\"og:image\" content=\"https:\/\/citizensclimatelobby.org\/wp-content\/uploads\/2017\/12\/CCL-Bogota-header.png\" \/>\n\t<meta property=\"og:image:width\" content=\"650\" \/>\n\t<meta property=\"og:image:height\" content=\"325\" \/>\n\t<meta property=\"og:image:type\" content=\"image\/jpeg\" \/>\n<meta name=\"author\" content=\"Cathy Orlando\" \/>\n<meta name=\"twitter:card\" content=\"summary_large_image\" \/>\n<meta name=\"twitter:creator\" content=\"@citizensclimate\" \/>\n<meta name=\"twitter:site\" content=\"@citizensclimate\" \/>\n<meta name=\"twitter:label1\" content=\"Escrito por\" \/>\n\t<meta name=\"twitter:data1\" content=\"Cathy Orlando\" \/>\n\t<meta name=\"twitter:label2\" content=\"Tiempo de lectura\" \/>\n\t<meta name=\"twitter:data2\" content=\"3 minutes\" \/>\n<script type=\"application\/ld+json\" class=\"yoast-schema-graph\">{\"@context\":\"https:\/\/schema.org\",\"@graph\":[{\"@type\":\"Article\",\"@id\":\"https:\/\/citizensclimatelobby.org\/es\/blog\/america-latina\/colombia-se-une-a-la-familial-global-de-ccl\/#article\",\"isPartOf\":{\"@id\":\"https:\/\/citizensclimatelobby.org\/es\/blog\/america-latina\/colombia-se-une-a-la-familial-global-de-ccl\/\"},\"author\":{\"name\":\"Cathy Orlando\",\"@id\":\"https:\/\/citizensclimatelobby.org\/#\/schema\/person\/fcc7b15c4ce54b3c45fba34c9a399bee\"},\"headline\":\"Colombia se une a la familia global de CCL\",\"datePublished\":\"2017-12-15T21:24:45+00:00\",\"dateModified\":\"2017-12-19T19:34:22+00:00\",\"mainEntityOfPage\":{\"@id\":\"https:\/\/citizensclimatelobby.org\/es\/blog\/america-latina\/colombia-se-une-a-la-familial-global-de-ccl\/\"},\"wordCount\":687,\"publisher\":{\"@id\":\"https:\/\/citizensclimatelobby.org\/#organization\"},\"articleSection\":[\"Am\u00e9rica Latina\"],\"inLanguage\":\"es-ES\"},{\"@type\":\"WebPage\",\"@id\":\"https:\/\/citizensclimatelobby.org\/es\/blog\/america-latina\/colombia-se-une-a-la-familial-global-de-ccl\/\",\"url\":\"https:\/\/citizensclimatelobby.org\/es\/blog\/america-latina\/colombia-se-une-a-la-familial-global-de-ccl\/\",\"name\":\"Colombia se une a la familia global de CCL | Citizens&#039; Climate Lobby\",\"isPartOf\":{\"@id\":\"https:\/\/citizensclimatelobby.org\/#website\"},\"datePublished\":\"2017-12-15T21:24:45+00:00\",\"dateModified\":\"2017-12-19T19:34:22+00:00\",\"description\":\"Colombia implement\u00f3 un impuesto al carbono en junio de este a\u00f1o. Ahora, un nuevo cap\u00edtulo de CCL en Bogot\u00e1 trabajar\u00e1 a hacerlo a\u00fan m\u00e1s efectivo.\",\"breadcrumb\":{\"@id\":\"https:\/\/citizensclimatelobby.org\/es\/blog\/america-latina\/colombia-se-une-a-la-familial-global-de-ccl\/#breadcrumb\"},\"inLanguage\":\"es-ES\",\"potentialAction\":[{\"@type\":\"ReadAction\",\"target\":[\"https:\/\/citizensclimatelobby.org\/es\/blog\/america-latina\/colombia-se-une-a-la-familial-global-de-ccl\/\"]}]},{\"@type\":\"BreadcrumbList\",\"@id\":\"https:\/\/citizensclimatelobby.org\/es\/blog\/america-latina\/colombia-se-une-a-la-familial-global-de-ccl\/#breadcrumb\",\"itemListElement\":[{\"@type\":\"ListItem\",\"position\":1,\"name\":\"Home\",\"item\":\"https:\/\/citizensclimatelobby.org\/es\/\"},{\"@type\":\"ListItem\",\"position\":2,\"name\":\"Colombia se une a la familia global de CCL\"}]},{\"@type\":\"WebSite\",\"@id\":\"https:\/\/citizensclimatelobby.org\/#website\",\"url\":\"https:\/\/citizensclimatelobby.org\/\",\"name\":\"Citizens&#039; Climate Lobby\",\"description\":\"Political will for a livable world\",\"publisher\":{\"@id\":\"https:\/\/citizensclimatelobby.org\/#organization\"},\"potentialAction\":[{\"@type\":\"SearchAction\",\"target\":{\"@type\":\"EntryPoint\",\"urlTemplate\":\"https:\/\/citizensclimatelobby.org\/?s={search_term_string}\"},\"query-input\":\"required name=search_term_string\"}],\"inLanguage\":\"es-ES\"},{\"@type\":\"Organization\",\"@id\":\"https:\/\/citizensclimatelobby.org\/#organization\",\"name\":\"Citizens' Climate Lobby\",\"url\":\"https:\/\/citizensclimatelobby.org\/\",\"logo\":{\"@type\":\"ImageObject\",\"inLanguage\":\"es-ES\",\"@id\":\"https:\/\/citizensclimatelobby.org\/#\/schema\/logo\/image\/\",\"url\":\"https:\/\/citizensclimatelobby.org\/wp-content\/uploads\/2017\/04\/CCL-Logo.png\",\"contentUrl\":\"https:\/\/citizensclimatelobby.org\/wp-content\/uploads\/2017\/04\/CCL-Logo.png\",\"width\":314,\"height\":201,\"caption\":\"Citizens' Climate Lobby\"},\"image\":{\"@id\":\"https:\/\/citizensclimatelobby.org\/#\/schema\/logo\/image\/\"},\"sameAs\":[\"https:\/\/www.facebook.com\/CitizensClimateLobby\/\",\"https:\/\/twitter.com\/citizensclimate\",\"https:\/\/www.instagram.com\/citizensclimate\/\",\"https:\/\/www.linkedin.com\/company\/citizens-climate-lobby\/\",\"https:\/\/www.youtube.com\/c\/CitizensClimateLobby\",\"https:\/\/en.wikipedia.org\/wiki\/Citizens_Climate_Lobby\"]},{\"@type\":\"Person\",\"@id\":\"https:\/\/citizensclimatelobby.org\/#\/schema\/person\/fcc7b15c4ce54b3c45fba34c9a399bee\",\"name\":\"Cathy Orlando\",\"image\":{\"@type\":\"ImageObject\",\"inLanguage\":\"es-ES\",\"@id\":\"https:\/\/citizensclimatelobby.org\/#\/schema\/person\/image\/\",\"url\":\"https:\/\/secure.gravatar.com\/avatar\/458b323904e69632728bfcf67d9aa1e2?s=96&d=mm&r=g\",\"contentUrl\":\"https:\/\/secure.gravatar.com\/avatar\/458b323904e69632728bfcf67d9aa1e2?s=96&d=mm&r=g\",\"caption\":\"Cathy Orlando\"},\"description\":\"Cathy Orlando has put her words to work for the climate by getting letters and opinion pieces published in newspapers in every province in Canada. When she\u2019s not safeguarding the climate alongside the best volunteers on the planet, you can probably find her stargazing, dancing, reading books not about climate change, hanging out with her husband Sanjiv, and mothering her three cherished daughters.\",\"url\":\"https:\/\/citizensclimatelobby.org\/es\/blog\/author\/cathy\/\"}]}<\/script>\n<!-- \/ Yoast SEO Premium plugin. -->","yoast_head_json":{"title":"Colombia se une a la familia global de CCL | Citizens&#039; Climate Lobby","description":"Colombia implement\u00f3 un impuesto al carbono en junio de este a\u00f1o. Ahora, un nuevo cap\u00edtulo de CCL en Bogot\u00e1 trabajar\u00e1 a hacerlo a\u00fan m\u00e1s efectivo.","robots":{"index":"index","follow":"follow","max-snippet":"max-snippet:-1","max-image-preview":"max-image-preview:large","max-video-preview":"max-video-preview:-1"},"canonical":"https:\/\/citizensclimatelobby.org\/es\/blog\/america-latina\/colombia-se-une-a-la-familial-global-de-ccl\/","og_locale":"es_ES","og_type":"article","og_title":"Colombia se une a la familia global de CCL","og_description":"Colombia implement\u00f3 un impuesto al carbono en junio de este a\u00f1o. Ahora, un nuevo cap\u00edtulo de CCL en Bogot\u00e1 trabajar\u00e1 a hacerlo a\u00fan m\u00e1s efectivo.","og_url":"https:\/\/citizensclimatelobby.org\/es\/blog\/america-latina\/colombia-se-une-a-la-familial-global-de-ccl\/","og_site_name":"Citizens&#039; Climate Lobby","article_publisher":"https:\/\/www.facebook.com\/CitizensClimateLobby\/","article_published_time":"2017-12-15T21:24:45+00:00","article_modified_time":"2017-12-19T19:34:22+00:00","og_image":[{"width":"650","height":"325","url":"https:\/\/citizensclimatelobby.org\/wp-content\/uploads\/2017\/12\/CCL-Bogota-header.png","type":"image\/jpeg"}],"author":"Cathy Orlando","twitter_card":"summary_large_image","twitter_creator":"@citizensclimate","twitter_site":"@citizensclimate","twitter_misc":{"Escrito por":"Cathy Orlando","Tiempo de lectura":"3 minutes"},"schema":{"@context":"https:\/\/schema.org","@graph":[{"@type":"Article","@id":"https:\/\/citizensclimatelobby.org\/es\/blog\/america-latina\/colombia-se-une-a-la-familial-global-de-ccl\/#article","isPartOf":{"@id":"https:\/\/citizensclimatelobby.org\/es\/blog\/america-latina\/colombia-se-une-a-la-familial-global-de-ccl\/"},"author":{"name":"Cathy Orlando","@id":"https:\/\/citizensclimatelobby.org\/#\/schema\/person\/fcc7b15c4ce54b3c45fba34c9a399bee"},"headline":"Colombia se une a la familia global de CCL","datePublished":"2017-12-15T21:24:45+00:00","dateModified":"2017-12-19T19:34:22+00:00","mainEntityOfPage":{"@id":"https:\/\/citizensclimatelobby.org\/es\/blog\/america-latina\/colombia-se-une-a-la-familial-global-de-ccl\/"},"wordCount":687,"publisher":{"@id":"https:\/\/citizensclimatelobby.org\/#organization"},"articleSection":["Am\u00e9rica Latina"],"inLanguage":"es-ES"},{"@type":"WebPage","@id":"https:\/\/citizensclimatelobby.org\/es\/blog\/america-latina\/colombia-se-une-a-la-familial-global-de-ccl\/","url":"https:\/\/citizensclimatelobby.org\/es\/blog\/america-latina\/colombia-se-une-a-la-familial-global-de-ccl\/","name":"Colombia se une a la familia global de CCL | Citizens&#039; Climate Lobby","isPartOf":{"@id":"https:\/\/citizensclimatelobby.org\/#website"},"datePublished":"2017-12-15T21:24:45+00:00","dateModified":"2017-12-19T19:34:22+00:00","description":"Colombia implement\u00f3 un impuesto al carbono en junio de este a\u00f1o. Ahora, un nuevo cap\u00edtulo de CCL en Bogot\u00e1 trabajar\u00e1 a hacerlo a\u00fan m\u00e1s efectivo.","breadcrumb":{"@id":"https:\/\/citizensclimatelobby.org\/es\/blog\/america-latina\/colombia-se-une-a-la-familial-global-de-ccl\/#breadcrumb"},"inLanguage":"es-ES","potentialAction":[{"@type":"ReadAction","target":["https:\/\/citizensclimatelobby.org\/es\/blog\/america-latina\/colombia-se-une-a-la-familial-global-de-ccl\/"]}]},{"@type":"BreadcrumbList","@id":"https:\/\/citizensclimatelobby.org\/es\/blog\/america-latina\/colombia-se-une-a-la-familial-global-de-ccl\/#breadcrumb","itemListElement":[{"@type":"ListItem","position":1,"name":"Home","item":"https:\/\/citizensclimatelobby.org\/es\/"},{"@type":"ListItem","position":2,"name":"Colombia se une a la familia global de CCL"}]},{"@type":"WebSite","@id":"https:\/\/citizensclimatelobby.org\/#website","url":"https:\/\/citizensclimatelobby.org\/","name":"Citizens&#039; Climate Lobby","description":"Political will for a livable world","publisher":{"@id":"https:\/\/citizensclimatelobby.org\/#organization"},"potentialAction":[{"@type":"SearchAction","target":{"@type":"EntryPoint","urlTemplate":"https:\/\/citizensclimatelobby.org\/?s={search_term_string}"},"query-input":"required name=search_term_string"}],"inLanguage":"es-ES"},{"@type":"Organization","@id":"https:\/\/citizensclimatelobby.org\/#organization","name":"Citizens' Climate Lobby","url":"https:\/\/citizensclimatelobby.org\/","logo":{"@type":"ImageObject","inLanguage":"es-ES","@id":"https:\/\/citizensclimatelobby.org\/#\/schema\/logo\/image\/","url":"https:\/\/citizensclimatelobby.org\/wp-content\/uploads\/2017\/04\/CCL-Logo.png","contentUrl":"https:\/\/citizensclimatelobby.org\/wp-content\/uploads\/2017\/04\/CCL-Logo.png","width":314,"height":201,"caption":"Citizens' Climate Lobby"},"image":{"@id":"https:\/\/citizensclimatelobby.org\/#\/schema\/logo\/image\/"},"sameAs":["https:\/\/www.facebook.com\/CitizensClimateLobby\/","https:\/\/twitter.com\/citizensclimate","https:\/\/www.instagram.com\/citizensclimate\/","https:\/\/www.linkedin.com\/company\/citizens-climate-lobby\/","https:\/\/www.youtube.com\/c\/CitizensClimateLobby","https:\/\/en.wikipedia.org\/wiki\/Citizens_Climate_Lobby"]},{"@type":"Person","@id":"https:\/\/citizensclimatelobby.org\/#\/schema\/person\/fcc7b15c4ce54b3c45fba34c9a399bee","name":"Cathy Orlando","image":{"@type":"ImageObject","inLanguage":"es-ES","@id":"https:\/\/citizensclimatelobby.org\/#\/schema\/person\/image\/","url":"https:\/\/secure.gravatar.com\/avatar\/458b323904e69632728bfcf67d9aa1e2?s=96&d=mm&r=g","contentUrl":"https:\/\/secure.gravatar.com\/avatar\/458b323904e69632728bfcf67d9aa1e2?s=96&d=mm&r=g","caption":"Cathy Orlando"},"description":"Cathy Orlando has put her words to work for the climate by getting letters and opinion pieces published in newspapers in every province in Canada. When she\u2019s not safeguarding the climate alongside the best volunteers on the planet, you can probably find her stargazing, dancing, reading books not about climate change, hanging out with her husband Sanjiv, and mothering her three cherished daughters.","url":"https:\/\/citizensclimatelobby.org\/es\/blog\/author\/cathy\/"}]}},"thumbnail_html":"<img width=\"650\" height=\"325\" src=\"https:\/\/citizensclimatelobby.org\/wp-content\/uploads\/2017\/12\/CCL-Bogota-header.png\" class=\"attachment-large size-large wp-post-image\" alt=\"\" decoding=\"async\" srcset=\"https:\/\/citizensclimatelobby.org\/wp-content\/uploads\/2017\/12\/CCL-Bogota-header.png 650w, https:\/\/citizensclimatelobby.org\/wp-content\/uploads\/2017\/12\/CCL-Bogota-header-300x150.png 300w\" sizes=\"(max-width: 650px) 100vw, 650px\" \/>","sf_custom_excerpt":["Colombia implement\u00f3 un impuesto al carbono en junio de este a\u00f1o.  Ahora, un nuevo cap\u00edtulo de CCL en Bogot\u00e1 trabajar\u00e1 a hacerlo a\u00fan m\u00e1s efectivo."],"ccl_formatted_date":"diciembre 15, 2017","_links":{"self":[{"href":"https:\/\/citizensclimatelobby.org\/es\/wp-json\/wp\/v2\/posts\/25562"}],"collection":[{"href":"https:\/\/citizensclimatelobby.org\/es\/wp-json\/wp\/v2\/posts"}],"about":[{"href":"https:\/\/citizensclimatelobby.org\/es\/wp-json\/wp\/v2\/types\/post"}],"author":[{"embeddable":true,"href":"https:\/\/citizensclimatelobby.org\/es\/wp-json\/wp\/v2\/users\/6"}],"replies":[{"embeddable":true,"href":"https:\/\/citizensclimatelobby.org\/es\/wp-json\/wp\/v2\/comments?post=25562"}],"version-history":[{"count":0,"href":"https:\/\/citizensclimatelobby.org\/es\/wp-json\/wp\/v2\/posts\/25562\/revisions"}],"wp:featuredmedia":[{"embeddable":true,"href":"https:\/\/citizensclimatelobby.org\/es\/wp-json\/wp\/v2\/media\/25558"}],"wp:attachment":[{"href":"https:\/\/citizensclimatelobby.org\/es\/wp-json\/wp\/v2\/media?parent=25562"}],"wp:term":[{"taxonomy":"category","embeddable":true,"href":"https:\/\/citizensclimatelobby.org\/es\/wp-json\/wp\/v2\/categories?post=25562"},{"taxonomy":"post_tag","embeddable":true,"href":"https:\/\/citizensclimatelobby.org\/es\/wp-json\/wp\/v2\/tags?post=25562"}],"curies":[{"name":"wp","href":"https:\/\/api.w.org\/{rel}","templated":true}]}}