{"id":26238,"date":"2017-12-13T15:46:26","date_gmt":"2017-12-13T15:46:26","guid":{"rendered":"https:\/\/stageccl.wpengine.com\/jose-aguto-climate-change-us-catholic-church\/"},"modified":"2018-01-17T01:07:14","modified_gmt":"2018-01-17T01:07:14","slug":"jose-aguto-cambio-climatico-iglesia-catolica","status":"publish","type":"post","link":"https:\/\/citizensclimatelobby.org\/es\/blog\/oradores-mensuales\/jose-aguto-cambio-climatico-iglesia-catolica\/","title":{"rendered":"Jos\u00e9 Aguto: El cambio clim\u00e1tico y la Iglesia Cat\u00f3lica"},"content":{"rendered":"<h1><img decoding=\"async\" class=\"alignnone wp-image-26248 \" src=\"https:\/\/citizensclimatelobby.org\/wp-content\/uploads\/2017\/12\/jose-aguto-alianza-catolica-300x152.png\" alt=\"\" width=\"703\" height=\"356\" srcset=\"https:\/\/citizensclimatelobby.org\/wp-content\/uploads\/2017\/12\/jose-aguto-alianza-catolica-300x152.png 300w, https:\/\/citizensclimatelobby.org\/wp-content\/uploads\/2017\/12\/jose-aguto-alianza-catolica.png 727w\" sizes=\"(max-width: 703px) 100vw, 703px\" \/><\/h1>\n<h1><b>Jos\u00e9 Aguto: El cambio clim\u00e1tico y la Iglesia Cat\u00f3lica estadounidense<\/b><\/h1>\n<p><b>Por Flannery Winchester<\/b><\/p>\n<p><i><span style=\"font-weight: 400\">Cada mes, Ciudadanos por un Clima Vivible presenta una llamada internacional en l\u00ednea con un orador invitado para educar los oyentes sobre temas relacionados con el cambio clim\u00e1tico y nuestro plan de Dividendos Energ\u00e9ticos. Echa un vistazo a los res\u00famenes (en ingl\u00e9s) de las sesiones anteriores <\/span><\/i><a href=\"\/?cat_ID=860\" target=\"_blank\" rel=\"noopener\"><i><span style=\"font-weight: 400\">aqu\u00ed<\/span><\/i><\/a><i><span style=\"font-weight: 400\">.<\/span><\/i><\/p>\n<p><span style=\"font-weight: 400\">En diciembre de 2017, recibimos el orador invitado Jos\u00e9 Aguto, el Director Asociado de la Alianza Cat\u00f3lica para el Clima (<\/span><a href=\"http:\/\/www.catholicclimatecovenant.org\/\" target=\"_blank\" rel=\"noopener\"><span style=\"font-weight: 400\">Catholic Climate Covenant<\/span><\/a>)<span style=\"font-weight: 400\">. Aguto comenz\u00f3 sus comentarios brind\u00e1ndonos una amplia visi\u00f3n del desaf\u00edo que tenemos ante nosotros. \u201cPara que visualicemos un futuro floreciente, y para que podamos prevenir la cat\u00e1strofe clim\u00e1tica, necesitamos un milagro de amor y generosidad\u201d, dijo, citando al ocean\u00f3grafo Walter Munk.<\/span><\/p>\n<p><span style=\"font-weight: 400\">Se\u00f1al\u00f3 que la humanidad ha evolucionado en muchas maneras: fisicamente, tecnol\u00f3gicamente, economicamente. \u201cPero lo que no hemos aplicado en la pr\u00e1ctica son nuestros valores morales y espirituales. No los hemos reflejado colectivamente, y esto es una parte fundamental de la crisis en donde nos encontramos.\u201d Se hizo referencia a la Regla de Oro, diciendo que necesitamos aferrarnos a ella como ninguna otra generaci\u00f3n anterior. <\/span><\/p>\n<p><span style=\"font-weight: 400\">Las tradiciones de fe tienen un marco moral ya existente que podemos usar para lograr esto, explic\u00f3 Aguto, mencionando los conceptos de reconciliaci\u00f3n, redenci\u00f3n, absoluci\u00f3n, y amor para nuestros enemigos. \u201cCreo que necesitamos aferrarnos a nuestros valores morales fundamentales y partir desde all\u00ed.\u201d<\/span><\/p>\n<p><b>Un llamado moral interreligioso a la acci\u00f3n<\/b><\/p>\n<p><span style=\"font-weight: 400\">Durante a\u00f1os, Aguto ha estado trabajando para activar esos valores morales y cerrar brechas partidarias en cuanto al clima. El 12 de diciembre de 2012, cuando formaba parte de los personal del Comit\u00e9 de los Amigos (Cu\u00e1qeros) sobre Legislaci\u00f3n Nacional, lanzaron un esfuerzo interreligioso para el clima con miembros de grupos cristianos evang\u00e9licos, cat\u00f3licos, cu\u00e1queros, y jud\u00edos. Hicieron un llamado al Congreso para que reconozca que la ciencia clim\u00e1tica es verdadera y para que se comprometa a la acci\u00f3n. <\/span><\/p>\n<p><span style=\"font-weight: 400\">Despu\u00e9s de 20 meses y m\u00e1s de 50 delegaciones reunidas con legisladores, un grupo de estos miembros y un voluntario de CCL se reunieron con el Representante Chris Gibson, quien acord\u00f3 introducir una resoluci\u00f3n sobre el cambio clim\u00e1tico. Esto \u201cfue una chispa y una yesca para la le\u00f1a que Jay Butera hab\u00eda estado preparando, lo que ahora conocemos como el <a href=\"https:\/\/citizensclimatelobby.org\/es\/caucus-para-soluciones-climaticas\/\" target=\"_blank\" rel=\"noopener\">Caucus para Soluciones Clim\u00e1ticas<\/a>,\u201d dijo Aguto.<\/span><\/p>\n<p><b>Trabajando con la Iglesia Cat\u00f3lica<\/b><\/p>\n<p><span style=\"font-weight: 400\">En marzo de este a\u00f1o, Aguto se uni\u00f3 a la Alianza Cat\u00f3lica para el Clima. Dijo, \u201cSoy un cat\u00f3lico practicante. Quer\u00eda ayudar a la Iglesia Cat\u00f3lica estadounidense adoptar m\u00e1s plenamente Laudato Si\u201d, <\/span><a href=\"\/?p=13446\" target=\"_blank\" rel=\"noopener\"><span style=\"font-weight: 400\">la enc\u00edclica de 2015 del Papa Francisco centrada en el clima<\/span><\/a><span style=\"font-weight: 400\">. <\/span><\/p>\n<p><span style=\"font-weight: 400\">Para decirlo simplemente, este es un gran labor. La Iglesia Cat\u00f3lica tiene casi 2000 a\u00f1os de existir y es un cuerpo complejo. \u201cDentro de los Estados Unidos, hay 75 millones de cat\u00f3licos,\u201d dijo Aguto. Eso es \u201cm\u00e1s que las pr\u00f3ximas siete tradiciones de fe combinadas\u201d. Aproximadamente 16.5 millones de ellos van a la iglesia semanalmente. Hay 255 obispos y aproximadamente 180 di\u00f3cesis, que varian en su tama\u00f1o de 4 millones (Los Angeles, California) a 40,000 (Steubenville, Ohio). <\/span><\/p>\n<p><span style=\"font-weight: 400\">\u201cSu Congreso, si me permites, se llama la Conferencia de Obispos Cat\u00f3licos de los Estados Unidos (US Conference of Catholic Bishops, o USCCB)\u201d, explic\u00f3 Aguto. \u201cEllos determinan las pol\u00edticas, a escala mayor, para la Iglesia Cat\u00f3lica estadounidense\u201d. Cuando trabajas con los obispos, dijo Aguto, a igual que los congresistas, es importante recordar la regi\u00f3n que sirven y su propia nivel de comodidad o familiaridad con el tema del cambio clim\u00e1tico. Ellos tambi\u00e9n tienen una gran variedad de prioridades y responsabilidades, por lo que para involucrarlos, aplican los mismos principios que utilizamos con los congresistas. \u201cEncu\u00e9ntralos donde est\u00e1n\u201d, dijo. Escucha, busca terreno com\u00fan, y trabaja a partir de all\u00ed.<\/span><\/p>\n<p><b>Actitudes cat\u00f3licas sobre el cambio clim\u00e1tico<\/b><\/p>\n<p><span style=\"font-weight: 400\">\u201cEn gran medida reflejan las mismas de la poblaci\u00f3n estadounidense\u201d, dijo Aguto. \u201cTienden un poco m\u00e1s a apoyar y preocuparse por el cambio clim\u00e1tico\u201d, pero hay bastante variaci\u00f3n. Se refiri\u00f3 a las \u201cseis Am\u00e9ricas\u201d del Programa de Comunicaci\u00f3n sobre el Cambio Clim\u00e1tico de la Universidad de Yale, diciendo \u201cTenemos cat\u00f3licos a lo largo de todas esas seis Am\u00e9ricas. Tenemos a Paul Ryan por un lado y Nancy Pelosi por el otro. De modo que que obtienes una idea de la diversidad y el desaf\u00edo que es trabajar en este espacio \u2013 o las oportunidades de trabajar en este espacio\u201d. <\/span><\/p>\n<p>En encuestas de opini\u00f3n despu\u00e9s de la publicaci\u00f3n de Laudato Si, dijo Aguto, las respuestas de los cat\u00f3licos tambi\u00e9n fueron similares a las de la poblaci\u00f3n en general. \u201cAquellos que eran esc\u00e9pticos sobre el cambio clim\u00e1tico no cambiaron sus opiniones. Para aquellos que ya estaban preocupados por el cambio clim\u00e1tico, [la enc\u00edclica] fortaleci\u00f3 sus posiciones, y importantemente, les di\u00f3 permiso para entrar en este espacio dentro de la Iglesia Cat\u00f3lica\u201d.<\/p>\n<p>Aunque Laudato Si no lanz\u00f3 ninguna acci\u00f3n clim\u00e1tica espec\u00edfica de la Iglesia Cat\u00f3lica, dijo Aguto, \u201cEstamos viendo m\u00e1s inter\u00e9s en esto, tanto en la teolog\u00eda como en la pr\u00e1ctica. Mencion\u00f3 al Arzobispo Wilton Gregory de Atlanta, que cre\u00f3 un programa sobre Laudato Si para su di\u00f3cesis entero. Aguto recientemente asist\u00f3 a dos conferencias \u201cCuidar la Creaci\u00f3n\u201d inspiradas por Laudato Si: una en Toledo, Ohio, y otra en Burlington, Vermont. Entre 150 y 200 personas asistieron en ambos eventos, que refleja el mismo aumento de compromiso e inter\u00e9s que la Alianza Cat\u00f3lica para el Clima est\u00e1 viendo con sus propios programas.<\/p>\n<p><b>La Alianza Cat\u00f3lica para el Clima<\/b><\/p>\n<p><span style=\"font-weight: 400\">Dijo Aguto, \u201cNosotros en la Alianza trabajamos con 17 colaboradores nacionales, incluyendo el USCCB, Servicios Cat\u00f3licos de Alivio (Catholic Relief Services) y Caridades Cat\u00f3licas, para ayudar y guiar las pol\u00edticas y las pr\u00e1cticas nactionales con respeto al cambio clim\u00e1tico. Queremos entretejer el hilo verde en el tejido social de la vida cat\u00f3lica\u201d.<\/span><\/p>\n<p>Al nivel de las bases, existen casi 300 equipos \u201cCuidar la Creaci\u00f3n\u201d en todo el pa\u00eds. \u201cTenemos un programa de capacitaci\u00f3n para pastores en el que hemos estado ayudando a los pastores acerca de la teolog\u00eda y la ciencia del cambio clim\u00e1tico y tambi\u00e9n Laudato Si, y c\u00f3mo pueden hablar sobre eso con sus feligreses. A\u00f1adi\u00f3, \u201cTenemos actividades como el programa de la <a href=\"http:\/\/www.catholicclimatecovenant.org\/FOSF\" target=\"_blank\" rel=\"noopener\">Fiesta de San Francisco<\/a>, que ha sido descargado miles de veces\u201d.\u201d<\/p>\n<p>Habl\u00f3 tambi\u00e9n sobre su <a href=\"https:\/\/catholicenergies.org\/\" target=\"_blank\" rel=\"noopener\">Programa de Energ\u00edas Cat\u00f3licas<\/a>, que es una oportunidad muy f\u00e1cil de implementar para que iglesias, parroquias, hospitales o instituciones cat\u00f3licas sean m\u00e1s eficientes energ\u00e9ticamente. Lo recomendi\u00f3 como un excelente programa para involucrar a los grupos cat\u00f3licos que podr\u00edan sentirse inc\u00f3modos hablando sobre el cambio clim\u00e1tico, pero que est\u00e1n dispuestos de hablar sobre la eficiencia energ\u00e9tica.<\/p>\n<p><span style=\"font-weight: 400\">Y cuando se trata de la pol\u00edtica, la Alianza Cat\u00f3lica para el Clima sigue las pol\u00edticas de la USCCB, que seg\u00fan Aguto son bastantes amplias. Apoyan la Resoluci\u00f3n Republicana sobre el Clima, y el trabajo del Caucus para Soluciones Clim\u00e1ticas de la C\u00e1mara de Representantes. Recientemente, publicaron una carta respaldando al financiamiento clim\u00e1tico internacional por la CMNUCC (en ingl\u00e9s, la UNFCCC), firmada por 172 l\u00edderes cat\u00f3licos representando a instituciones de la salud, escuelas, ONGes, y m\u00e1s.<\/span><\/p>\n<p>\u201cFue un esfuerzo maravilloso, inesperadamente exitoso\u201d, dijo Aguto. \u201cEsperamos comprometernos en este nivel fundamental para inspirar acci\u00f3n clim\u00e1tica m\u00e1s grande y m\u00e1s ambiciosa\u201d.<\/p>\n<p><i><span style=\"font-weight: 400\">Para los comentarios completos de Jos\u00e9 Aguto, escucha al <a href=\"https:\/\/ccl.podbean.com\/e\/dec-2017-monthly-meeting-wjose-aguto-1512849783\/\" target=\"_blank\" rel=\"noopener\">podcast de diciembre de 2017<\/a>, o ve la llamada en l\u00ednea por <a href=\"https:\/\/www.youtube.com\/watch?v=qjfCHmicINo&amp;t=1s\" target=\"_blank\" rel=\"noopener\">YouTube<\/a>. Sigue la Alianza Cat\u00f3lica para el Clima en Twitter en <a href=\"https:\/\/twitter.com\/CatholicClimate\" target=\"_blank\" rel=\"noopener\">@CatholicClimate<\/a> <\/span><\/i><\/p>\n","protected":false},"excerpt":{"rendered":"<p>Jos\u00e9 Aguto: El cambio clim\u00e1tico y la Iglesia Cat\u00f3lica estadounidense Por Flannery Winchester Cada mes, Ciudadanos por un Clima Vivible presenta una llamada internacional en l\u00ednea con un orador invitado para educar los oyentes sobre temas relacionados con el cambio clim\u00e1tico y nuestro plan de Dividendos Energ\u00e9ticos. Echa un vistazo a los res\u00famenes (en ingl\u00e9s) de las sesiones anteriores aqu\u00ed. [&hellip;]<\/p>\n","protected":false},"author":64,"featured_media":26248,"comment_status":"closed","ping_status":"closed","sticky":false,"template":"","format":"standard","meta":{"footnotes":""},"categories":[927],"tags":[],"acf":[],"yoast_head":"<!-- This site is optimized with the Yoast SEO Premium plugin v21.3 (Yoast SEO v21.3) - https:\/\/yoast.com\/wordpress\/plugins\/seo\/ -->\n<title>Jos\u00e9 Aguto: El cambio clim\u00e1tico y la Iglesia Cat\u00f3lica | Citizens&#039; Climate Lobby<\/title>\n<meta name=\"description\" content=\"Jos\u00e9 Aguto se un\u00f3 a nuestra Llamada Mensual de diciembre de 2017 para conversar de las actitudes cat\u00f3licas sobre el cambio clim\u00e1tico, y c\u00f3mo puedes involucrar a los obispos y los di\u00f3cesis en tu regi\u00f3n.\" \/>\n<meta name=\"robots\" content=\"index, follow, max-snippet:-1, max-image-preview:large, max-video-preview:-1\" \/>\n<link rel=\"canonical\" href=\"https:\/\/citizensclimatelobby.org\/es\/blog\/oradores-mensuales\/jose-aguto-cambio-climatico-iglesia-catolica\/\" \/>\n<meta property=\"og:locale\" content=\"es_ES\" \/>\n<meta property=\"og:type\" content=\"article\" \/>\n<meta property=\"og:title\" content=\"Jos\u00e9 Aguto: El cambio clim\u00e1tico y la Iglesia Cat\u00f3lica\" \/>\n<meta property=\"og:description\" content=\"Jos\u00e9 Aguto se un\u00f3 a nuestra Llamada Mensual de diciembre de 2017 para conversar de las actitudes cat\u00f3licas sobre el cambio clim\u00e1tico, y c\u00f3mo puedes involucrar a los obispos y los di\u00f3cesis en tu regi\u00f3n.\" \/>\n<meta property=\"og:url\" content=\"https:\/\/citizensclimatelobby.org\/es\/blog\/oradores-mensuales\/jose-aguto-cambio-climatico-iglesia-catolica\/\" \/>\n<meta property=\"og:site_name\" content=\"Citizens&#039; Climate Lobby\" \/>\n<meta property=\"article:publisher\" content=\"https:\/\/www.facebook.com\/CitizensClimateLobby\/\" \/>\n<meta property=\"article:published_time\" content=\"2017-12-13T15:46:26+00:00\" \/>\n<meta property=\"article:modified_time\" content=\"2018-01-17T01:07:14+00:00\" \/>\n<meta property=\"og:image\" content=\"https:\/\/citizensclimatelobby.org\/wp-content\/uploads\/2017\/12\/jose-aguto-alianza-catolica.png\" \/>\n\t<meta property=\"og:image:width\" content=\"727\" \/>\n\t<meta property=\"og:image:height\" content=\"368\" \/>\n\t<meta property=\"og:image:type\" content=\"image\/png\" \/>\n<meta name=\"author\" content=\"Flannery Winchester\" \/>\n<meta name=\"twitter:card\" content=\"summary_large_image\" \/>\n<meta name=\"twitter:creator\" content=\"@citizensclimate\" \/>\n<meta name=\"twitter:site\" content=\"@citizensclimate\" \/>\n<meta name=\"twitter:label1\" content=\"Escrito por\" \/>\n\t<meta name=\"twitter:data1\" content=\"Flannery Winchester\" \/>\n\t<meta name=\"twitter:label2\" content=\"Tiempo de lectura\" \/>\n\t<meta name=\"twitter:data2\" content=\"7 minutes\" \/>\n<script type=\"application\/ld+json\" class=\"yoast-schema-graph\">{\"@context\":\"https:\/\/schema.org\",\"@graph\":[{\"@type\":\"Article\",\"@id\":\"https:\/\/citizensclimatelobby.org\/es\/blog\/oradores-mensuales\/jose-aguto-cambio-climatico-iglesia-catolica\/#article\",\"isPartOf\":{\"@id\":\"https:\/\/citizensclimatelobby.org\/es\/blog\/oradores-mensuales\/jose-aguto-cambio-climatico-iglesia-catolica\/\"},\"author\":{\"name\":\"Flannery Winchester\",\"@id\":\"https:\/\/citizensclimatelobby.org\/#\/schema\/person\/3578b25cf8217706f0d470c9e8cc1cf8\"},\"headline\":\"Jos\u00e9 Aguto: El cambio clim\u00e1tico y la Iglesia Cat\u00f3lica\",\"datePublished\":\"2017-12-13T15:46:26+00:00\",\"dateModified\":\"2018-01-17T01:07:14+00:00\",\"mainEntityOfPage\":{\"@id\":\"https:\/\/citizensclimatelobby.org\/es\/blog\/oradores-mensuales\/jose-aguto-cambio-climatico-iglesia-catolica\/\"},\"wordCount\":1348,\"publisher\":{\"@id\":\"https:\/\/citizensclimatelobby.org\/#organization\"},\"articleSection\":[\"Oradores mensuales\"],\"inLanguage\":\"es-ES\"},{\"@type\":\"WebPage\",\"@id\":\"https:\/\/citizensclimatelobby.org\/es\/blog\/oradores-mensuales\/jose-aguto-cambio-climatico-iglesia-catolica\/\",\"url\":\"https:\/\/citizensclimatelobby.org\/es\/blog\/oradores-mensuales\/jose-aguto-cambio-climatico-iglesia-catolica\/\",\"name\":\"Jos\u00e9 Aguto: El cambio clim\u00e1tico y la Iglesia Cat\u00f3lica | Citizens&#039; Climate Lobby\",\"isPartOf\":{\"@id\":\"https:\/\/citizensclimatelobby.org\/#website\"},\"datePublished\":\"2017-12-13T15:46:26+00:00\",\"dateModified\":\"2018-01-17T01:07:14+00:00\",\"description\":\"Jos\u00e9 Aguto se un\u00f3 a nuestra Llamada Mensual de diciembre de 2017 para conversar de las actitudes cat\u00f3licas sobre el cambio clim\u00e1tico, y c\u00f3mo puedes involucrar a los obispos y los di\u00f3cesis en tu regi\u00f3n.\",\"breadcrumb\":{\"@id\":\"https:\/\/citizensclimatelobby.org\/es\/blog\/oradores-mensuales\/jose-aguto-cambio-climatico-iglesia-catolica\/#breadcrumb\"},\"inLanguage\":\"es-ES\",\"potentialAction\":[{\"@type\":\"ReadAction\",\"target\":[\"https:\/\/citizensclimatelobby.org\/es\/blog\/oradores-mensuales\/jose-aguto-cambio-climatico-iglesia-catolica\/\"]}]},{\"@type\":\"BreadcrumbList\",\"@id\":\"https:\/\/citizensclimatelobby.org\/es\/blog\/oradores-mensuales\/jose-aguto-cambio-climatico-iglesia-catolica\/#breadcrumb\",\"itemListElement\":[{\"@type\":\"ListItem\",\"position\":1,\"name\":\"Home\",\"item\":\"https:\/\/citizensclimatelobby.org\/es\/\"},{\"@type\":\"ListItem\",\"position\":2,\"name\":\"Jos\u00e9 Aguto: El cambio clim\u00e1tico y la Iglesia Cat\u00f3lica\"}]},{\"@type\":\"WebSite\",\"@id\":\"https:\/\/citizensclimatelobby.org\/#website\",\"url\":\"https:\/\/citizensclimatelobby.org\/\",\"name\":\"Citizens&#039; Climate Lobby\",\"description\":\"Political will for a livable world\",\"publisher\":{\"@id\":\"https:\/\/citizensclimatelobby.org\/#organization\"},\"potentialAction\":[{\"@type\":\"SearchAction\",\"target\":{\"@type\":\"EntryPoint\",\"urlTemplate\":\"https:\/\/citizensclimatelobby.org\/?s={search_term_string}\"},\"query-input\":\"required name=search_term_string\"}],\"inLanguage\":\"es-ES\"},{\"@type\":\"Organization\",\"@id\":\"https:\/\/citizensclimatelobby.org\/#organization\",\"name\":\"Citizens' Climate Lobby\",\"url\":\"https:\/\/citizensclimatelobby.org\/\",\"logo\":{\"@type\":\"ImageObject\",\"inLanguage\":\"es-ES\",\"@id\":\"https:\/\/citizensclimatelobby.org\/#\/schema\/logo\/image\/\",\"url\":\"https:\/\/citizensclimatelobby.org\/wp-content\/uploads\/2017\/04\/CCL-Logo.png\",\"contentUrl\":\"https:\/\/citizensclimatelobby.org\/wp-content\/uploads\/2017\/04\/CCL-Logo.png\",\"width\":314,\"height\":201,\"caption\":\"Citizens' Climate Lobby\"},\"image\":{\"@id\":\"https:\/\/citizensclimatelobby.org\/#\/schema\/logo\/image\/\"},\"sameAs\":[\"https:\/\/www.facebook.com\/CitizensClimateLobby\/\",\"https:\/\/twitter.com\/citizensclimate\",\"https:\/\/www.instagram.com\/citizensclimate\/\",\"https:\/\/www.linkedin.com\/company\/citizens-climate-lobby\/\",\"https:\/\/www.youtube.com\/c\/CitizensClimateLobby\",\"https:\/\/en.wikipedia.org\/wiki\/Citizens_Climate_Lobby\"]},{\"@type\":\"Person\",\"@id\":\"https:\/\/citizensclimatelobby.org\/#\/schema\/person\/3578b25cf8217706f0d470c9e8cc1cf8\",\"name\":\"Flannery Winchester\",\"image\":{\"@type\":\"ImageObject\",\"inLanguage\":\"es-ES\",\"@id\":\"https:\/\/citizensclimatelobby.org\/#\/schema\/person\/image\/\",\"url\":\"https:\/\/secure.gravatar.com\/avatar\/0ed139f6db657338ecaa4ee999a80e1e?s=96&d=mm&r=g\",\"contentUrl\":\"https:\/\/secure.gravatar.com\/avatar\/0ed139f6db657338ecaa4ee999a80e1e?s=96&d=mm&r=g\",\"caption\":\"Flannery Winchester\"},\"description\":\"Flannery Winchester has put her words to work for magazines, for marketing agencies, and now for our earth as CCL's Communications Director. She is grateful to spend every day working to preserve this beautiful planet.\",\"url\":\"https:\/\/citizensclimatelobby.org\/es\/blog\/author\/flannery\/\"}]}<\/script>\n<!-- \/ Yoast SEO Premium plugin. -->","yoast_head_json":{"title":"Jos\u00e9 Aguto: El cambio clim\u00e1tico y la Iglesia Cat\u00f3lica | Citizens&#039; Climate Lobby","description":"Jos\u00e9 Aguto se un\u00f3 a nuestra Llamada Mensual de diciembre de 2017 para conversar de las actitudes cat\u00f3licas sobre el cambio clim\u00e1tico, y c\u00f3mo puedes involucrar a los obispos y los di\u00f3cesis en tu regi\u00f3n.","robots":{"index":"index","follow":"follow","max-snippet":"max-snippet:-1","max-image-preview":"max-image-preview:large","max-video-preview":"max-video-preview:-1"},"canonical":"https:\/\/citizensclimatelobby.org\/es\/blog\/oradores-mensuales\/jose-aguto-cambio-climatico-iglesia-catolica\/","og_locale":"es_ES","og_type":"article","og_title":"Jos\u00e9 Aguto: El cambio clim\u00e1tico y la Iglesia Cat\u00f3lica","og_description":"Jos\u00e9 Aguto se un\u00f3 a nuestra Llamada Mensual de diciembre de 2017 para conversar de las actitudes cat\u00f3licas sobre el cambio clim\u00e1tico, y c\u00f3mo puedes involucrar a los obispos y los di\u00f3cesis en tu regi\u00f3n.","og_url":"https:\/\/citizensclimatelobby.org\/es\/blog\/oradores-mensuales\/jose-aguto-cambio-climatico-iglesia-catolica\/","og_site_name":"Citizens&#039; Climate Lobby","article_publisher":"https:\/\/www.facebook.com\/CitizensClimateLobby\/","article_published_time":"2017-12-13T15:46:26+00:00","article_modified_time":"2018-01-17T01:07:14+00:00","og_image":[{"width":"727","height":"368","url":"https:\/\/citizensclimatelobby.org\/wp-content\/uploads\/2017\/12\/jose-aguto-alianza-catolica.png","type":"image\/png"}],"author":"Flannery Winchester","twitter_card":"summary_large_image","twitter_creator":"@citizensclimate","twitter_site":"@citizensclimate","twitter_misc":{"Escrito por":"Flannery Winchester","Tiempo de lectura":"7 minutes"},"schema":{"@context":"https:\/\/schema.org","@graph":[{"@type":"Article","@id":"https:\/\/citizensclimatelobby.org\/es\/blog\/oradores-mensuales\/jose-aguto-cambio-climatico-iglesia-catolica\/#article","isPartOf":{"@id":"https:\/\/citizensclimatelobby.org\/es\/blog\/oradores-mensuales\/jose-aguto-cambio-climatico-iglesia-catolica\/"},"author":{"name":"Flannery Winchester","@id":"https:\/\/citizensclimatelobby.org\/#\/schema\/person\/3578b25cf8217706f0d470c9e8cc1cf8"},"headline":"Jos\u00e9 Aguto: El cambio clim\u00e1tico y la Iglesia Cat\u00f3lica","datePublished":"2017-12-13T15:46:26+00:00","dateModified":"2018-01-17T01:07:14+00:00","mainEntityOfPage":{"@id":"https:\/\/citizensclimatelobby.org\/es\/blog\/oradores-mensuales\/jose-aguto-cambio-climatico-iglesia-catolica\/"},"wordCount":1348,"publisher":{"@id":"https:\/\/citizensclimatelobby.org\/#organization"},"articleSection":["Oradores mensuales"],"inLanguage":"es-ES"},{"@type":"WebPage","@id":"https:\/\/citizensclimatelobby.org\/es\/blog\/oradores-mensuales\/jose-aguto-cambio-climatico-iglesia-catolica\/","url":"https:\/\/citizensclimatelobby.org\/es\/blog\/oradores-mensuales\/jose-aguto-cambio-climatico-iglesia-catolica\/","name":"Jos\u00e9 Aguto: El cambio clim\u00e1tico y la Iglesia Cat\u00f3lica | Citizens&#039; Climate Lobby","isPartOf":{"@id":"https:\/\/citizensclimatelobby.org\/#website"},"datePublished":"2017-12-13T15:46:26+00:00","dateModified":"2018-01-17T01:07:14+00:00","description":"Jos\u00e9 Aguto se un\u00f3 a nuestra Llamada Mensual de diciembre de 2017 para conversar de las actitudes cat\u00f3licas sobre el cambio clim\u00e1tico, y c\u00f3mo puedes involucrar a los obispos y los di\u00f3cesis en tu regi\u00f3n.","breadcrumb":{"@id":"https:\/\/citizensclimatelobby.org\/es\/blog\/oradores-mensuales\/jose-aguto-cambio-climatico-iglesia-catolica\/#breadcrumb"},"inLanguage":"es-ES","potentialAction":[{"@type":"ReadAction","target":["https:\/\/citizensclimatelobby.org\/es\/blog\/oradores-mensuales\/jose-aguto-cambio-climatico-iglesia-catolica\/"]}]},{"@type":"BreadcrumbList","@id":"https:\/\/citizensclimatelobby.org\/es\/blog\/oradores-mensuales\/jose-aguto-cambio-climatico-iglesia-catolica\/#breadcrumb","itemListElement":[{"@type":"ListItem","position":1,"name":"Home","item":"https:\/\/citizensclimatelobby.org\/es\/"},{"@type":"ListItem","position":2,"name":"Jos\u00e9 Aguto: El cambio clim\u00e1tico y la Iglesia Cat\u00f3lica"}]},{"@type":"WebSite","@id":"https:\/\/citizensclimatelobby.org\/#website","url":"https:\/\/citizensclimatelobby.org\/","name":"Citizens&#039; Climate Lobby","description":"Political will for a livable world","publisher":{"@id":"https:\/\/citizensclimatelobby.org\/#organization"},"potentialAction":[{"@type":"SearchAction","target":{"@type":"EntryPoint","urlTemplate":"https:\/\/citizensclimatelobby.org\/?s={search_term_string}"},"query-input":"required name=search_term_string"}],"inLanguage":"es-ES"},{"@type":"Organization","@id":"https:\/\/citizensclimatelobby.org\/#organization","name":"Citizens' Climate Lobby","url":"https:\/\/citizensclimatelobby.org\/","logo":{"@type":"ImageObject","inLanguage":"es-ES","@id":"https:\/\/citizensclimatelobby.org\/#\/schema\/logo\/image\/","url":"https:\/\/citizensclimatelobby.org\/wp-content\/uploads\/2017\/04\/CCL-Logo.png","contentUrl":"https:\/\/citizensclimatelobby.org\/wp-content\/uploads\/2017\/04\/CCL-Logo.png","width":314,"height":201,"caption":"Citizens' Climate Lobby"},"image":{"@id":"https:\/\/citizensclimatelobby.org\/#\/schema\/logo\/image\/"},"sameAs":["https:\/\/www.facebook.com\/CitizensClimateLobby\/","https:\/\/twitter.com\/citizensclimate","https:\/\/www.instagram.com\/citizensclimate\/","https:\/\/www.linkedin.com\/company\/citizens-climate-lobby\/","https:\/\/www.youtube.com\/c\/CitizensClimateLobby","https:\/\/en.wikipedia.org\/wiki\/Citizens_Climate_Lobby"]},{"@type":"Person","@id":"https:\/\/citizensclimatelobby.org\/#\/schema\/person\/3578b25cf8217706f0d470c9e8cc1cf8","name":"Flannery Winchester","image":{"@type":"ImageObject","inLanguage":"es-ES","@id":"https:\/\/citizensclimatelobby.org\/#\/schema\/person\/image\/","url":"https:\/\/secure.gravatar.com\/avatar\/0ed139f6db657338ecaa4ee999a80e1e?s=96&d=mm&r=g","contentUrl":"https:\/\/secure.gravatar.com\/avatar\/0ed139f6db657338ecaa4ee999a80e1e?s=96&d=mm&r=g","caption":"Flannery Winchester"},"description":"Flannery Winchester has put her words to work for magazines, for marketing agencies, and now for our earth as CCL's Communications Director. She is grateful to spend every day working to preserve this beautiful planet.","url":"https:\/\/citizensclimatelobby.org\/es\/blog\/author\/flannery\/"}]}},"thumbnail_html":"<img width=\"727\" height=\"368\" src=\"https:\/\/citizensclimatelobby.org\/wp-content\/uploads\/2017\/12\/jose-aguto-alianza-catolica.png\" class=\"attachment-large size-large wp-post-image\" alt=\"\" decoding=\"async\" srcset=\"https:\/\/citizensclimatelobby.org\/wp-content\/uploads\/2017\/12\/jose-aguto-alianza-catolica.png 727w, https:\/\/citizensclimatelobby.org\/wp-content\/uploads\/2017\/12\/jose-aguto-alianza-catolica-300x152.png 300w\" sizes=\"(max-width: 727px) 100vw, 727px\" \/>","sf_custom_excerpt":["Jos\u00e9 Aguto se un\u00f3 a nuestra Llamada Mensual de diciembre de 2017 para conversar de las actitudes cat\u00f3licas sobre el cambio clim\u00e1tico, y c\u00f3mo puedes involucrar a los obispos y los di\u00f3cesis en tu regi\u00f3n."],"ccl_formatted_date":"diciembre 13, 2017","_links":{"self":[{"href":"https:\/\/citizensclimatelobby.org\/es\/wp-json\/wp\/v2\/posts\/26238"}],"collection":[{"href":"https:\/\/citizensclimatelobby.org\/es\/wp-json\/wp\/v2\/posts"}],"about":[{"href":"https:\/\/citizensclimatelobby.org\/es\/wp-json\/wp\/v2\/types\/post"}],"author":[{"embeddable":true,"href":"https:\/\/citizensclimatelobby.org\/es\/wp-json\/wp\/v2\/users\/64"}],"replies":[{"embeddable":true,"href":"https:\/\/citizensclimatelobby.org\/es\/wp-json\/wp\/v2\/comments?post=26238"}],"version-history":[{"count":0,"href":"https:\/\/citizensclimatelobby.org\/es\/wp-json\/wp\/v2\/posts\/26238\/revisions"}],"wp:featuredmedia":[{"embeddable":true,"href":"https:\/\/citizensclimatelobby.org\/es\/wp-json\/wp\/v2\/media\/26248"}],"wp:attachment":[{"href":"https:\/\/citizensclimatelobby.org\/es\/wp-json\/wp\/v2\/media?parent=26238"}],"wp:term":[{"taxonomy":"category","embeddable":true,"href":"https:\/\/citizensclimatelobby.org\/es\/wp-json\/wp\/v2\/categories?post=26238"},{"taxonomy":"post_tag","embeddable":true,"href":"https:\/\/citizensclimatelobby.org\/es\/wp-json\/wp\/v2\/tags?post=26238"}],"curies":[{"name":"wp","href":"https:\/\/api.w.org\/{rel}","templated":true}]}}