{"id":29801,"date":"2017-09-18T19:53:57","date_gmt":"2017-09-18T19:53:57","guid":{"rendered":"https:\/\/stageccl.wpengine.com\/working-environmental-justice-communities\/"},"modified":"2022-05-09T15:49:53","modified_gmt":"2022-05-09T15:49:53","slug":"trabajando-comunidad-justicia-ambiental","status":"publish","type":"post","link":"https:\/\/citizensclimatelobby.org\/es\/blog\/defensor\/trabajando-comunidad-justicia-ambiental\/","title":{"rendered":"Trabajando con la comunidad de justicia ambiental"},"content":{"rendered":"<div id=\"attachment_22386\" style=\"width: 660px\" class=\"wp-caption aligncenter\"><img aria-describedby=\"caption-attachment-22386\" decoding=\"async\" class=\"size-full wp-image-22386\" src=\"https:\/\/citizensclimatelobby.org\/wp-content\/uploads\/2017\/09\/CCU-EJ-header.jpg\" alt=\"Citizens' Climate University environmental justice \" width=\"650\" height=\"325\" srcset=\"https:\/\/citizensclimatelobby.org\/wp-content\/uploads\/2017\/09\/CCU-EJ-header.jpg 650w, https:\/\/citizensclimatelobby.org\/wp-content\/uploads\/2017\/09\/CCU-EJ-header-300x150.jpg 300w\" sizes=\"(max-width: 650px) 100vw, 650px\" \/><p id=\"caption-attachment-22386\" class=\"wp-caption-text\">En Chicago, una vecindad residencial se encuentra barlovento de una refiner\u00eda de arenas bituminosas.<\/p><\/div>\n<h1><b>Trabajando con la comunidad de justicia ambiental<\/b><\/h1>\n<p><b>Por Philip Finkelstein<\/b><\/p>\n<p><span style=\"font-weight: 400;\">Un episodio reciente de CC University trat\u00f3 el tema de la justicia ambiental. Dos miembros del <\/span><a href=\"https:\/\/community.citizensclimatelobby.org\/groups\/special-interest-groups\/environmental-justice\/\" target=\"_blank\" rel=\"noopener\"><span style=\"font-weight: 400;\">Equipo de Acci\u00f3n de CCL para la Justicia Ambiental<\/span><\/a><span style=\"font-weight: 400;\">: David Holmquist y Jim Rine, dieron la presentaci\u00f3n. David es el l\u00edder del cap\u00edtulo del sur de Chicago, y Jim es un miembro del cap\u00edtulo de Detroit. Admitieron al principio, &#8220;Somos un par de blancos viejos. No piensen ni un segundo que nos supera la iron\u00eda.&#8221; Sin embargo, entienden profundamente el valor y la importancia del trabajo para la justicia ambiental que desempe\u00f1an los activistas en sus ciudades de Chicago y Detroit, y trabajan para desarrollar relaciones con esas organizaciones. <\/span><\/p>\n<p><span style=\"font-weight: 400;\">Su lecci\u00f3n informativa proporciona informaci\u00f3n sobre el trasfondo y el contexto del movimiento para la justicia ambiental, y sugiere unas mejores pr\u00e1cticas para construir puentes y conectarse. Se lo puede ver aqu\u00ed (en ingl\u00e9s), o puede seguir leyendo para un resumen de los puntos salientes.\u00a0\u00a0<\/span><\/p>\n<p><iframe title=\"Working with Environmental Justice Communities\" width=\"500\" height=\"281\" src=\"https:\/\/www.youtube.com\/embed\/bGtWFAvPfyw?wmode=transparent&amp;rel=0&amp;feature=oembed&#038;enablejsapi=1&#038;origin=https:\/\/citizensclimatelobby.org\" frameborder=\"0\" allow=\"accelerometer; autoplay; clipboard-write; encrypted-media; gyroscope; picture-in-picture\" allowfullscreen><\/iframe><\/p>\n<p><b>La historia de la justicia ambiental<\/b><\/p>\n<p><span style=\"font-weight: 400;\">En 1982, la comunidad afro-americana de Warren County, NC, manifest\u00f3 durante seis semanas en protesta del dep\u00f3sito de tierra contaminada con policlorobifenilo (PCB) en su vertedero local, lo cual contaminaba el agua y causaba problemas de salud p\u00fablica. Luego se descubri\u00f3 que tres de cada cuatro vertederos descontrolados a lo largo de los Estados Unidos se ubicaban en comunidades de un bajo nivel socioecon\u00f3mico que ten\u00edan residentes generalmente afro-americanos. Eso impuls\u00f3 la creaci\u00f3n del movimiento para la justicia ambiental, en cual los defensores del medio ambiente se unieron con los defensores de derechos civiles para luchar juntos contra la desigualdad ambiental. <\/span><\/p>\n<p><span style=\"font-weight: 400;\">El movimiento sigue actualmente, enfoc\u00e1ndose en crear comunidades ecol\u00f3gicamente independientes, en asegurar el uso \u00e9tico y sostenible de los recursos, y en apreciar la naturaleza sagrada. Para lograr esos objetivos, las comunidades de justicia ambiental se dedican a pr\u00e1cticas ecol\u00f3gicas regenerativas para restaurar las comunidades urbanas y rurales que sufren. Tambi\u00e9n creen que nadie merece ser sujeto a pol\u00edticas injustas debido a sus circunstancias econ\u00f3micas y su falta de representaci\u00f3n pol\u00edtica.<\/span><\/p>\n<p><b>La justicia ambiental y la mitigaci\u00f3n del cambio clim\u00e1tico<\/b><\/p>\n<p><span style=\"font-weight: 400;\">Sin duda, los movimientos para la justicia ambiental y para la mitigaci\u00f3n del cambio clim\u00e1tico son parecidos. Sin embargo hay diferencias importantes en ciertas \u00e1reas, las cuales a veces pueden llevar a conflictos entre las campa\u00f1as hermanas. Jim Rine lo vio personalmente en un foro municipal para el p\u00fablico en Detroit, en cual unos ingenieros afirmaron que la inundaci\u00f3n de m\u00e1s de 1,200 casas en la regi\u00f3n, despu\u00e9s de lluvias severas, fue una consecuencia del cambio clim\u00e1tico. Mientras los activistas para la mitigaci\u00f3n del cambio clim\u00e1tico impulsar\u00edan una pr\u00e1ctica que abordar\u00eda la causa del problema, Rine not\u00f3, &#8220;Para muchos, esta fue la segunda vez dentro de dos a\u00f1os que se inundaron sus s\u00f3tanos. No quisieron hablar del cambio clim\u00e1tico. Quisieron saber c\u00f3mo arreglar los problemas de los s\u00f3tanos.&#8221; <\/span><\/p>\n<p><span style=\"font-weight: 400;\">Eso tuvo lugar en la misma ciudad donde se ubica la Escuela Secundaria de River Rogue, donde un 20 por ciento de los alumnos tienen asma debido a la contaminaci\u00f3n Por lo tanto, no es de extra\u00f1ar que los defensores de la justicia ambiental suelen enfocarse en los problemas personales y locales en vez del problema global del cambio clim\u00e1tico. Los grupos que abogan por la mitigaci\u00f3n del cambio clim\u00e1tico, como CCL, tienen una oportunidad de cerrar las brechas por crear relaciones de largo plazo con las comunidades luchando para la justicia ambiental. En estas relaciones, podemos honrar sus objetivos y perspectivas y as\u00ed crear el apoyo de las bases necesario para influir en la iniciativa amplia por el clima.<\/span><\/p>\n<p><span style=\"font-weight: 400;\">Como respuesta a las inundaciones y problemas de contaminaci\u00f3n del aire en la ciudad de Detroit, Rine est\u00e1 colaborando con otros grupos de defensores para organizar un panel llamado &#8220;Moviendo Detroit adelante: la justicia ambiental y el clima cambiante.&#8221; El panel incluir\u00e1 los candidatos a la alcald\u00eda antes de la elecci\u00f3n en noviembre. El intento es demostrar el prop\u00f3sito com\u00fan que comparten los movimientos para la justicia ambiental y la acci\u00f3n clim\u00e1tica y as\u00ed promover la solidaridad en nuestro trabajo.<\/span><\/p>\n<p><span style=\"font-weight: 400;\">David Holmquist dice, &#8220;La gente en las comunidades de la primera l\u00ednea se enfrenta con muchos problemas; son problemas existenciales.&#8221; Para que los promotores de mitigaci\u00f3n del cambio clim\u00e1tico ganen el apoyo de las bases, ser\u00e1 necesario incluir a esa gente en la conversaci\u00f3n, con el entendimiento de que tienen otras amenazas existenciales en sus vidas cotidianas, indic\u00f3 Holmquist. Por lo tanto, un enfoque comprensivo y emp\u00e1tico es necesario cuando hablamos del cambio clim\u00e1tico. En el tema de pol\u00edticas sugeridas, Holmquist habla de la importancia de crear una agenda nacional que dirige dinero a las comunidades locales para la renovaci\u00f3n, como lo han hecho recientemente en Illinois. Por supuesto, otra pol\u00edtica que ayudar\u00eda a las comunidades de la primera l\u00ednea, por darles dinero directamente, ser\u00eda nuestro plan de <a href=\"https:\/\/citizensclimatelobby.org\/es\/dividendos-energeticos\/\">Dividendos Energ\u00e9ticos<\/a>.<\/span><\/p>\n<p><span style=\"font-weight: 400;\">Holmquist tambi\u00e9n explica la importancia de desarrollar el bipartidismo con respecto a los asuntos del clima, sobre todo en las comunidades de justica ambiental donde hay una profunda desconfianza en los pol\u00edticos republicanos. Con ese objetivo, el equipo del \u00e1rea de la bah\u00eda de San Francisco intent\u00f3 alinear estrat\u00e9gicamente los valores liberales y conservadores sobre el tema del <a href=\"\/?p=21652\" target=\"_blank\" rel=\"noopener\">sistema californiano de tope y trueque<\/a>. Al final, muchos pensaron que la ley final no hizo lo suficiente para proteger las comunidades vulnerables, y eso demostr\u00f3 que todav\u00eda hay mucho que hacer para armonizar las necesidades locales inmediatas con la necesidad para una amplia mitigaci\u00f3n del cambio clim\u00e1tico.<\/span><\/p>\n<p>Para involucrarte m\u00e1s con el compromiso con la comunidad de justicia ambiental, \u00fanete al <a href=\"https:\/\/community.citizensclimatelobby.org\/groups\/special-interest-groups\/environmental-justice\/\">Equipo de Acci\u00f3n para la Justicia Ambiental de CCL<\/a>, en el sitio web de CCL Community.<\/p>\n<p><em>\u00bfTe gusta Citizens&#8217; Climate University? \u00a1Echa un vistazo a las sesiones anteriores y marca tu agenda para las futuras lecciones <a href=\"https:\/\/community.citizensclimatelobby.org\/learn\/\" target=\"_blank\" rel=\"noopener\">aqu\u00ed<\/a>!<\/em><\/p>\n","protected":false},"excerpt":{"rendered":"<p>Trabajando con la comunidad de justicia ambiental Por Philip Finkelstein Un episodio reciente de CC University trat\u00f3 el tema de la justicia ambiental. Dos miembros del Equipo de Acci\u00f3n de CCL para la Justicia Ambiental: David Holmquist y Jim Rine, dieron la presentaci\u00f3n. David es el l\u00edder del cap\u00edtulo del sur de Chicago, y Jim es un miembro del cap\u00edtulo [&hellip;]<\/p>\n","protected":false},"author":101,"featured_media":24776,"comment_status":"closed","ping_status":"closed","sticky":false,"template":"","format":"standard","meta":{"footnotes":""},"categories":[1944],"tags":[],"acf":[],"yoast_head":"<!-- This site is optimized with the Yoast SEO Premium plugin v21.3 (Yoast SEO v21.3) - https:\/\/yoast.com\/wordpress\/plugins\/seo\/ -->\n<title>Trabajando con la comunidad de justicia ambiental | Citizens&#039; Climate Lobby<\/title>\n<meta name=\"description\" content=\"Esta sesi\u00f3n de CC University explora la historia del movimiento para la justicia ambiental, el trabajo actual de esa comunidad, y c\u00f3mo CCL puede crear relaciones con los defensores de la justicia ambiental.\" \/>\n<meta name=\"robots\" content=\"index, follow, max-snippet:-1, max-image-preview:large, max-video-preview:-1\" \/>\n<link rel=\"canonical\" href=\"https:\/\/citizensclimatelobby.org\/es\/blog\/defensor\/trabajando-comunidad-justicia-ambiental\/\" \/>\n<meta property=\"og:locale\" content=\"es_ES\" \/>\n<meta property=\"og:type\" content=\"article\" \/>\n<meta property=\"og:title\" content=\"Trabajando con la comunidad de justicia ambiental\" \/>\n<meta property=\"og:description\" content=\"Esta sesi\u00f3n de CC University explora la historia del movimiento para la justicia ambiental, el trabajo actual de esa comunidad, y c\u00f3mo CCL puede crear relaciones con los defensores de la justicia ambiental.\" \/>\n<meta property=\"og:url\" content=\"https:\/\/citizensclimatelobby.org\/es\/blog\/defensor\/trabajando-comunidad-justicia-ambiental\/\" \/>\n<meta property=\"og:site_name\" content=\"Citizens&#039; Climate Lobby\" \/>\n<meta property=\"article:publisher\" content=\"https:\/\/www.facebook.com\/CitizensClimateLobby\/\" \/>\n<meta property=\"article:published_time\" content=\"2017-09-18T19:53:57+00:00\" \/>\n<meta property=\"article:modified_time\" content=\"2022-05-09T15:49:53+00:00\" \/>\n<meta property=\"og:image\" content=\"https:\/\/citizensclimatelobby.org\/wp-content\/uploads\/2017\/09\/CCU-EJ-header.png\" \/>\n\t<meta property=\"og:image:width\" content=\"650\" \/>\n\t<meta property=\"og:image:height\" content=\"325\" \/>\n\t<meta property=\"og:image:type\" content=\"image\/jpeg\" \/>\n<meta name=\"author\" content=\"Philip Finkelstein\" \/>\n<meta name=\"twitter:card\" content=\"summary_large_image\" \/>\n<meta name=\"twitter:creator\" content=\"@citizensclimate\" \/>\n<meta name=\"twitter:site\" content=\"@citizensclimate\" \/>\n<meta name=\"twitter:label1\" content=\"Escrito por\" \/>\n\t<meta name=\"twitter:data1\" content=\"Philip Finkelstein\" \/>\n\t<meta name=\"twitter:label2\" content=\"Tiempo de lectura\" \/>\n\t<meta name=\"twitter:data2\" content=\"5 minutes\" \/>\n<script type=\"application\/ld+json\" class=\"yoast-schema-graph\">{\"@context\":\"https:\/\/schema.org\",\"@graph\":[{\"@type\":\"Article\",\"@id\":\"https:\/\/citizensclimatelobby.org\/es\/blog\/defensor\/trabajando-comunidad-justicia-ambiental\/#article\",\"isPartOf\":{\"@id\":\"https:\/\/citizensclimatelobby.org\/es\/blog\/defensor\/trabajando-comunidad-justicia-ambiental\/\"},\"author\":{\"name\":\"Philip Finkelstein\",\"@id\":\"https:\/\/citizensclimatelobby.org\/#\/schema\/person\/8bec82e77c0b71e5d86a2f3678b65214\"},\"headline\":\"Trabajando con la comunidad de justicia ambiental\",\"datePublished\":\"2017-09-18T19:53:57+00:00\",\"dateModified\":\"2022-05-09T15:49:53+00:00\",\"mainEntityOfPage\":{\"@id\":\"https:\/\/citizensclimatelobby.org\/es\/blog\/defensor\/trabajando-comunidad-justicia-ambiental\/\"},\"wordCount\":1076,\"publisher\":{\"@id\":\"https:\/\/citizensclimatelobby.org\/#organization\"},\"articleSection\":[\"Ser su mejor defensor\"],\"inLanguage\":\"es-ES\"},{\"@type\":\"WebPage\",\"@id\":\"https:\/\/citizensclimatelobby.org\/es\/blog\/defensor\/trabajando-comunidad-justicia-ambiental\/\",\"url\":\"https:\/\/citizensclimatelobby.org\/es\/blog\/defensor\/trabajando-comunidad-justicia-ambiental\/\",\"name\":\"Trabajando con la comunidad de justicia ambiental | Citizens&#039; Climate Lobby\",\"isPartOf\":{\"@id\":\"https:\/\/citizensclimatelobby.org\/#website\"},\"datePublished\":\"2017-09-18T19:53:57+00:00\",\"dateModified\":\"2022-05-09T15:49:53+00:00\",\"description\":\"Esta sesi\u00f3n de CC University explora la historia del movimiento para la justicia ambiental, el trabajo actual de esa comunidad, y c\u00f3mo CCL puede crear relaciones con los defensores de la justicia ambiental.\",\"breadcrumb\":{\"@id\":\"https:\/\/citizensclimatelobby.org\/es\/blog\/defensor\/trabajando-comunidad-justicia-ambiental\/#breadcrumb\"},\"inLanguage\":\"es-ES\",\"potentialAction\":[{\"@type\":\"ReadAction\",\"target\":[\"https:\/\/citizensclimatelobby.org\/es\/blog\/defensor\/trabajando-comunidad-justicia-ambiental\/\"]}]},{\"@type\":\"BreadcrumbList\",\"@id\":\"https:\/\/citizensclimatelobby.org\/es\/blog\/defensor\/trabajando-comunidad-justicia-ambiental\/#breadcrumb\",\"itemListElement\":[{\"@type\":\"ListItem\",\"position\":1,\"name\":\"Home\",\"item\":\"https:\/\/citizensclimatelobby.org\/es\/\"},{\"@type\":\"ListItem\",\"position\":2,\"name\":\"Trabajando con la comunidad de justicia ambiental\"}]},{\"@type\":\"WebSite\",\"@id\":\"https:\/\/citizensclimatelobby.org\/#website\",\"url\":\"https:\/\/citizensclimatelobby.org\/\",\"name\":\"Citizens&#039; Climate Lobby\",\"description\":\"Political will for a livable world\",\"publisher\":{\"@id\":\"https:\/\/citizensclimatelobby.org\/#organization\"},\"potentialAction\":[{\"@type\":\"SearchAction\",\"target\":{\"@type\":\"EntryPoint\",\"urlTemplate\":\"https:\/\/citizensclimatelobby.org\/?s={search_term_string}\"},\"query-input\":\"required name=search_term_string\"}],\"inLanguage\":\"es-ES\"},{\"@type\":\"Organization\",\"@id\":\"https:\/\/citizensclimatelobby.org\/#organization\",\"name\":\"Citizens' Climate Lobby\",\"url\":\"https:\/\/citizensclimatelobby.org\/\",\"logo\":{\"@type\":\"ImageObject\",\"inLanguage\":\"es-ES\",\"@id\":\"https:\/\/citizensclimatelobby.org\/#\/schema\/logo\/image\/\",\"url\":\"https:\/\/citizensclimatelobby.org\/wp-content\/uploads\/2017\/04\/CCL-Logo.png\",\"contentUrl\":\"https:\/\/citizensclimatelobby.org\/wp-content\/uploads\/2017\/04\/CCL-Logo.png\",\"width\":314,\"height\":201,\"caption\":\"Citizens' Climate Lobby\"},\"image\":{\"@id\":\"https:\/\/citizensclimatelobby.org\/#\/schema\/logo\/image\/\"},\"sameAs\":[\"https:\/\/www.facebook.com\/CitizensClimateLobby\/\",\"https:\/\/twitter.com\/citizensclimate\",\"https:\/\/www.instagram.com\/citizensclimate\/\",\"https:\/\/www.linkedin.com\/company\/citizens-climate-lobby\/\",\"https:\/\/www.youtube.com\/c\/CitizensClimateLobby\",\"https:\/\/en.wikipedia.org\/wiki\/Citizens_Climate_Lobby\"]},{\"@type\":\"Person\",\"@id\":\"https:\/\/citizensclimatelobby.org\/#\/schema\/person\/8bec82e77c0b71e5d86a2f3678b65214\",\"name\":\"Philip Finkelstein\",\"image\":{\"@type\":\"ImageObject\",\"inLanguage\":\"es-ES\",\"@id\":\"https:\/\/citizensclimatelobby.org\/#\/schema\/person\/image\/\",\"url\":\"https:\/\/secure.gravatar.com\/avatar\/283473d7616738a3f59b08f67bab73cf?s=96&d=mm&r=g\",\"contentUrl\":\"https:\/\/secure.gravatar.com\/avatar\/283473d7616738a3f59b08f67bab73cf?s=96&d=mm&r=g\",\"caption\":\"Philip Finkelstein\"},\"description\":\"Originally from Vermont, Philip Finkelstein is a recent Political Science graduate from the University of British Columbia. He has a deep passion for writing and desire to bring about meaningful change.\",\"url\":\"https:\/\/citizensclimatelobby.org\/es\/blog\/author\/philipfinkelstein\/\"}]}<\/script>\n<meta property=\"og:video\" content=\"https:\/\/www.youtube.com\/embed\/bGtWFAvPfyw\" \/>\n<meta property=\"og:video:type\" content=\"text\/html\" \/>\n<meta property=\"og:video:duration\" content=\"2957\" \/>\n<meta property=\"og:video:width\" content=\"480\" \/>\n<meta property=\"og:video:height\" content=\"270\" \/>\n<meta property=\"ya:ovs:adult\" content=\"false\" \/>\n<meta property=\"ya:ovs:upload_date\" content=\"2017-09-18T19:53:57+00:00\" \/>\n<meta property=\"ya:ovs:allow_embed\" content=\"true\" \/>\n<!-- \/ Yoast SEO Premium plugin. -->","yoast_head_json":{"title":"Trabajando con la comunidad de justicia ambiental | Citizens&#039; Climate Lobby","description":"Esta sesi\u00f3n de CC University explora la historia del movimiento para la justicia ambiental, el trabajo actual de esa comunidad, y c\u00f3mo CCL puede crear relaciones con los defensores de la justicia ambiental.","robots":{"index":"index","follow":"follow","max-snippet":"max-snippet:-1","max-image-preview":"max-image-preview:large","max-video-preview":"max-video-preview:-1"},"canonical":"https:\/\/citizensclimatelobby.org\/es\/blog\/defensor\/trabajando-comunidad-justicia-ambiental\/","og_locale":"es_ES","og_type":"article","og_title":"Trabajando con la comunidad de justicia ambiental","og_description":"Esta sesi\u00f3n de CC University explora la historia del movimiento para la justicia ambiental, el trabajo actual de esa comunidad, y c\u00f3mo CCL puede crear relaciones con los defensores de la justicia ambiental.","og_url":"https:\/\/citizensclimatelobby.org\/es\/blog\/defensor\/trabajando-comunidad-justicia-ambiental\/","og_site_name":"Citizens&#039; Climate Lobby","article_publisher":"https:\/\/www.facebook.com\/CitizensClimateLobby\/","article_published_time":"2017-09-18T19:53:57+00:00","article_modified_time":"2022-05-09T15:49:53+00:00","og_image":[{"width":"650","height":"325","url":"https:\/\/citizensclimatelobby.org\/wp-content\/uploads\/2017\/09\/CCU-EJ-header.png","type":"image\/jpeg"}],"author":"Philip Finkelstein","twitter_card":"summary_large_image","twitter_creator":"@citizensclimate","twitter_site":"@citizensclimate","twitter_misc":{"Escrito por":"Philip Finkelstein","Tiempo de lectura":"5 minutes"},"schema":{"@context":"https:\/\/schema.org","@graph":[{"@type":"Article","@id":"https:\/\/citizensclimatelobby.org\/es\/blog\/defensor\/trabajando-comunidad-justicia-ambiental\/#article","isPartOf":{"@id":"https:\/\/citizensclimatelobby.org\/es\/blog\/defensor\/trabajando-comunidad-justicia-ambiental\/"},"author":{"name":"Philip Finkelstein","@id":"https:\/\/citizensclimatelobby.org\/#\/schema\/person\/8bec82e77c0b71e5d86a2f3678b65214"},"headline":"Trabajando con la comunidad de justicia ambiental","datePublished":"2017-09-18T19:53:57+00:00","dateModified":"2022-05-09T15:49:53+00:00","mainEntityOfPage":{"@id":"https:\/\/citizensclimatelobby.org\/es\/blog\/defensor\/trabajando-comunidad-justicia-ambiental\/"},"wordCount":1076,"publisher":{"@id":"https:\/\/citizensclimatelobby.org\/#organization"},"articleSection":["Ser su mejor defensor"],"inLanguage":"es-ES"},{"@type":"WebPage","@id":"https:\/\/citizensclimatelobby.org\/es\/blog\/defensor\/trabajando-comunidad-justicia-ambiental\/","url":"https:\/\/citizensclimatelobby.org\/es\/blog\/defensor\/trabajando-comunidad-justicia-ambiental\/","name":"Trabajando con la comunidad de justicia ambiental | Citizens&#039; Climate Lobby","isPartOf":{"@id":"https:\/\/citizensclimatelobby.org\/#website"},"datePublished":"2017-09-18T19:53:57+00:00","dateModified":"2022-05-09T15:49:53+00:00","description":"Esta sesi\u00f3n de CC University explora la historia del movimiento para la justicia ambiental, el trabajo actual de esa comunidad, y c\u00f3mo CCL puede crear relaciones con los defensores de la justicia ambiental.","breadcrumb":{"@id":"https:\/\/citizensclimatelobby.org\/es\/blog\/defensor\/trabajando-comunidad-justicia-ambiental\/#breadcrumb"},"inLanguage":"es-ES","potentialAction":[{"@type":"ReadAction","target":["https:\/\/citizensclimatelobby.org\/es\/blog\/defensor\/trabajando-comunidad-justicia-ambiental\/"]}]},{"@type":"BreadcrumbList","@id":"https:\/\/citizensclimatelobby.org\/es\/blog\/defensor\/trabajando-comunidad-justicia-ambiental\/#breadcrumb","itemListElement":[{"@type":"ListItem","position":1,"name":"Home","item":"https:\/\/citizensclimatelobby.org\/es\/"},{"@type":"ListItem","position":2,"name":"Trabajando con la comunidad de justicia ambiental"}]},{"@type":"WebSite","@id":"https:\/\/citizensclimatelobby.org\/#website","url":"https:\/\/citizensclimatelobby.org\/","name":"Citizens&#039; Climate Lobby","description":"Political will for a livable world","publisher":{"@id":"https:\/\/citizensclimatelobby.org\/#organization"},"potentialAction":[{"@type":"SearchAction","target":{"@type":"EntryPoint","urlTemplate":"https:\/\/citizensclimatelobby.org\/?s={search_term_string}"},"query-input":"required name=search_term_string"}],"inLanguage":"es-ES"},{"@type":"Organization","@id":"https:\/\/citizensclimatelobby.org\/#organization","name":"Citizens' Climate Lobby","url":"https:\/\/citizensclimatelobby.org\/","logo":{"@type":"ImageObject","inLanguage":"es-ES","@id":"https:\/\/citizensclimatelobby.org\/#\/schema\/logo\/image\/","url":"https:\/\/citizensclimatelobby.org\/wp-content\/uploads\/2017\/04\/CCL-Logo.png","contentUrl":"https:\/\/citizensclimatelobby.org\/wp-content\/uploads\/2017\/04\/CCL-Logo.png","width":314,"height":201,"caption":"Citizens' Climate Lobby"},"image":{"@id":"https:\/\/citizensclimatelobby.org\/#\/schema\/logo\/image\/"},"sameAs":["https:\/\/www.facebook.com\/CitizensClimateLobby\/","https:\/\/twitter.com\/citizensclimate","https:\/\/www.instagram.com\/citizensclimate\/","https:\/\/www.linkedin.com\/company\/citizens-climate-lobby\/","https:\/\/www.youtube.com\/c\/CitizensClimateLobby","https:\/\/en.wikipedia.org\/wiki\/Citizens_Climate_Lobby"]},{"@type":"Person","@id":"https:\/\/citizensclimatelobby.org\/#\/schema\/person\/8bec82e77c0b71e5d86a2f3678b65214","name":"Philip Finkelstein","image":{"@type":"ImageObject","inLanguage":"es-ES","@id":"https:\/\/citizensclimatelobby.org\/#\/schema\/person\/image\/","url":"https:\/\/secure.gravatar.com\/avatar\/283473d7616738a3f59b08f67bab73cf?s=96&d=mm&r=g","contentUrl":"https:\/\/secure.gravatar.com\/avatar\/283473d7616738a3f59b08f67bab73cf?s=96&d=mm&r=g","caption":"Philip Finkelstein"},"description":"Originally from Vermont, Philip Finkelstein is a recent Political Science graduate from the University of British Columbia. He has a deep passion for writing and desire to bring about meaningful change.","url":"https:\/\/citizensclimatelobby.org\/es\/blog\/author\/philipfinkelstein\/"}]},"og_video":"https:\/\/www.youtube.com\/embed\/bGtWFAvPfyw","og_video_type":"text\/html","og_video_duration":"2957","og_video_width":"480","og_video_height":"270","ya_ovs_adult":"false","ya_ovs_upload_date":"2017-09-18T19:53:57+00:00","ya_ovs_allow_embed":"true"},"thumbnail_html":"<img width=\"650\" height=\"325\" src=\"https:\/\/citizensclimatelobby.org\/wp-content\/uploads\/2017\/09\/CCU-EJ-header.png\" class=\"attachment-large size-large wp-post-image\" alt=\"\" decoding=\"async\" srcset=\"https:\/\/citizensclimatelobby.org\/wp-content\/uploads\/2017\/09\/CCU-EJ-header.png 650w, https:\/\/citizensclimatelobby.org\/wp-content\/uploads\/2017\/09\/CCU-EJ-header-300x150.png 300w\" sizes=\"(max-width: 650px) 100vw, 650px\" \/>","sf_custom_excerpt":["Esta sesi\u00f3n de CC University explora la historia del movimiento para la justicia ambiental, el trabajo actual de esa comunidad, y c\u00f3mo CCL puede crear relaciones con los defensores de la justicia ambiental. "],"ccl_formatted_date":"septiembre 18, 2017","_links":{"self":[{"href":"https:\/\/citizensclimatelobby.org\/es\/wp-json\/wp\/v2\/posts\/29801"}],"collection":[{"href":"https:\/\/citizensclimatelobby.org\/es\/wp-json\/wp\/v2\/posts"}],"about":[{"href":"https:\/\/citizensclimatelobby.org\/es\/wp-json\/wp\/v2\/types\/post"}],"author":[{"embeddable":true,"href":"https:\/\/citizensclimatelobby.org\/es\/wp-json\/wp\/v2\/users\/101"}],"replies":[{"embeddable":true,"href":"https:\/\/citizensclimatelobby.org\/es\/wp-json\/wp\/v2\/comments?post=29801"}],"version-history":[{"count":0,"href":"https:\/\/citizensclimatelobby.org\/es\/wp-json\/wp\/v2\/posts\/29801\/revisions"}],"wp:featuredmedia":[{"embeddable":true,"href":"https:\/\/citizensclimatelobby.org\/es\/wp-json\/wp\/v2\/media\/24776"}],"wp:attachment":[{"href":"https:\/\/citizensclimatelobby.org\/es\/wp-json\/wp\/v2\/media?parent=29801"}],"wp:term":[{"taxonomy":"category","embeddable":true,"href":"https:\/\/citizensclimatelobby.org\/es\/wp-json\/wp\/v2\/categories?post=29801"},{"taxonomy":"post_tag","embeddable":true,"href":"https:\/\/citizensclimatelobby.org\/es\/wp-json\/wp\/v2\/tags?post=29801"}],"curies":[{"name":"wp","href":"https:\/\/api.w.org\/{rel}","templated":true}]}}