{"id":31827,"date":"2019-01-24T16:23:50","date_gmt":"2019-01-24T16:23:50","guid":{"rendered":"https:\/\/stageccl.wpengine.com\/bipartisan-carbon-pricing-bill-reintroduced-in-house\/"},"modified":"2019-01-25T14:07:09","modified_gmt":"2019-01-25T14:07:09","slug":"proyecto-de-ley-bipartidaria-para-precio-al-carbono-se-vuelve-a-presentar-en-la-camara-baja","status":"publish","type":"post","link":"https:\/\/citizensclimatelobby.org\/es\/blog\/noticias\/proyecto-de-ley-bipartidaria-para-precio-al-carbono-se-vuelve-a-presentar-en-la-camara-baja\/","title":{"rendered":"Proyecto de ley bipartidaria para un precio al carbono se vuelve a presentar en la C\u00e1mara Baja"},"content":{"rendered":"<div id=\"attachment_31816\" style=\"width: 507px\" class=\"wp-caption aligncenter\"><img aria-describedby=\"caption-attachment-31816\" decoding=\"async\" class=\"size-full wp-image-31816\" src=\"https:\/\/citizensclimatelobby.org\/wp-content\/uploads\/2019\/01\/sponsors-header-1.jpg\" alt=\"Deutch, Rooney\" width=\"497\" height=\"255\" \/><p id=\"caption-attachment-31816\" class=\"wp-caption-text\">(L-R) Los patrocinadores del proyecto de ley, Reps. Deutch, Rooney, Chu, Crist, Eshoo, Lipinski, y Peters<\/p><\/div>\n<p dir=\"ltr\">PARA DIFUSI\u00d3N INMEDIATA<\/p>\n<h1 dir=\"ltr\">Proyecto de Ley Bipartidista de Innovaci\u00f3n Energ\u00e9tica y Dividendos de Carbono se vuelve a presentar en la C\u00e1mara de Representantes<\/h1>\n<p dir=\"ltr\"><strong>WASHINGTON, D.C., 24 de enero 2019<\/strong>\u00a0\u2013 Un grupo bipartidario de legisladores en la C\u00e1mara de Representantes han vuelto a presentar el <a href=\"https:\/\/energyinnovationact.org\/\">Proyecto de Ley de Innovaci\u00f3n Energ\u00e9tica y Dividendos de Carbono<\/a>, una legislaci\u00f3n innovadora que establecer\u00e1 un precio al carbono, regresar\u00e1 los ingresos a las familias y reducir\u00e1 las emisiones de gases de efecto invernadero en un 90 por ciento para el 2050.<\/p>\n<p>La legislaci\u00f3n est\u00e1 patrocinada por el Rep. Ted Deutch (D-FL), Rep. Francis Rooney (R-FL), Rep. Charlie Crist (D-FL), Rep. Anna Eshoo (D-CA), Rep. Judy Chu (D-CA), Rep. Dan Lipinski (D-IL), y el Rep. Scott Peters (D-CA). El proyecto de ley agregar\u00e1 m\u00e1s de 2 millones de nuevos empleos, reducir\u00e1 los gastos de cuidado de salud y estimular\u00e1 la innovaci\u00f3n energ\u00e9tica.<\/p>\n<p>\u201cLas <a href=\"https:\/\/www.seattletimes.com\/nation-world\/nation\/ap-norc-poll-disasters-influence-thinking-on-climate-change\/\">encuestas <\/a>indican que cada vez m\u00e1s, estadounidenses est\u00e1n relacionando el cambio clim\u00e1tico con los desastres ambientales que han afectado las vidas y las propiedades\u201d, dijo Mark Reynolds, el Director Ejecutivo de Ciudadanos por un Clima Vivible \/ Citizens\u2019 Climate Lobby (CCL). \u201cEl p\u00fablico seguir\u00e1 pidiendo que los miembros del Congreso tomen acci\u00f3n y este Proyecto de Ley ofrece una soluci\u00f3n que es amigable para las familias y efectiva\u201d.<\/p>\n<p>Esta pol\u00edtica establece un precio a los combustibles f\u00f3siles como el carb\u00f3n, el petr\u00f3leo y el gas natural. Comienza a $15 por tonelada de di\u00f3xido de carbono e incrementa por $10 por tonelada cada a\u00f1o. El dinero recaudado de la tarifa al carbono ser\u00e1 distribuido en porciones equitativas cada mes a todos los estadounidenses para que lo gasten como deseen. Visite esta p\u00e1gina para conocer <a href=\"http:\/\/energyinnovationact.org\/\">c\u00f3mo funciona esta legislaci\u00f3n<\/a> y ver el texto oficial.<\/p>\n<p>El Proyecto de Ley de Innovaci\u00f3n Energ\u00e9tica est\u00e1 recibiendo el apoyo de los Republicanos por su balance neutral y su base en el mercado. Los economistas expertos que trabajaron bajo los Presidentes Ford, Reagan, Bush 41 y Bush 43, incluyendo a Alan Greenspan, Gregory Mankiw, y Ben Bernanke, recientemente firmaron una <a href=\"https:\/\/www.wsj.com\/articles\/economists-statement-on-carbon-dividends-11547682910\">carta<\/a> en el peri\u00f3dico Wall Street Journal apoyando una pol\u00edtica nacional de un precio al carbono con dividendos.<\/p>\n<p>\u201cEl cambio clim\u00e1tico es una amenaza urgente y requiere de acci\u00f3n bipartidista urgente. Con esta legislaci\u00f3n ponemos en claro y le decimos a nuestros colegas que el bipartidismo es posible, incluso necesario, para hacer frente al cambio clim\u00e1tico en este Congreso\u201d, dijo el Congresista Ted Deutch. \u201cNuestro plan, de establecer un precio al carbono y regresar los dividendos a los estadounidenses, ofrece a nuestros colegas Dem\u00f3cratas y Republicanos un planteamiento efectivo para reducir las emisiones sin pasar la responsabilidad a los beneficiarios estadounidenses\u201d.<\/p>\n<p>Cuando el Proyecto de Ley de Innovaci\u00f3n Energ\u00e9tica fue presentado el a\u00f1o pasado, <a href=\"https:\/\/energyinnovationact.org\/in-the-news\/\">peri\u00f3dicos alrededor del pa\u00eds<\/a> ofrecieron su respaldo en art\u00edculos y editoriales:<\/p>\n<ul>\n<li><strong>The Hill<\/strong>: \u201cEsta legislaci\u00f3n ser\u00e1 un gran indicador de c\u00f3mo los legisladores de ambos partidos puedan trabajar para abordar el cambio clim\u00e1tico\u201d.<\/li>\n<li><strong>The San Diego Union Tribune<\/strong>: \u201c[Esta legislaci\u00f3n] merece una atenta consideraci\u00f3n, es un paso grande y decisivo hacia un planeta saludable. Es hora de que los l\u00edderes electos act\u00faen\u201d.<\/li>\n<li><strong>The Florida Sun Sentinel<\/strong>: \u201cPodemos hacer algo para reducir la aceleraci\u00f3n de las emisiones de carbono y prevenir que el cambio clim\u00e1tico se empeore\u201d. El proyecto de ley del Congresista Deutch es un buen primer paso\u201d.<\/li>\n<\/ul>\n<p>Este proyecto de ley tambi\u00e9n tiene el respaldo del ex Presidente del Comit\u00e9 Nacional Dem\u00f3crata Howard Dean, el actor Don Cheadle, la esquiadora Medallista de Oro Jessie Diggins, al igual que alcaldes y legisladores locales a trav\u00e9s del pa\u00eds. Vea <a href=\"https:\/\/energyinnovationact.org\/supporters\/\">qui\u00e9n ofrece su respaldo a este proyecto de ley<\/a>.<\/p>\n<p dir=\"ltr\"><strong>CONTACTOS:<\/strong><\/p>\n<p dir=\"ltr\">Steve Valk, 404-769-7461,\u00a0steve @ citizensclimate.org<\/p>\n<p dir=\"ltr\">Flannery Winchester, 615-337-3642,\u00a0flannery @ citizensclimate.org<\/p>\n","protected":false},"excerpt":{"rendered":"<p>PARA DIFUSI\u00d3N INMEDIATA Proyecto de Ley Bipartidista de Innovaci\u00f3n Energ\u00e9tica y Dividendos de Carbono se vuelve a presentar en la C\u00e1mara de Representantes WASHINGTON, D.C., 24 de enero 2019\u00a0\u2013 Un grupo bipartidario de legisladores en la C\u00e1mara de Representantes han vuelto a presentar el Proyecto de Ley de Innovaci\u00f3n Energ\u00e9tica y Dividendos de Carbono, una legislaci\u00f3n innovadora que establecer\u00e1 un [&hellip;]<\/p>\n","protected":false},"author":26,"featured_media":31817,"comment_status":"closed","ping_status":"closed","sticky":false,"template":"","format":"standard","meta":{"footnotes":""},"categories":[920],"tags":[1950,1959,1936],"acf":[],"yoast_head":"<!-- This site is optimized with the Yoast SEO Premium plugin v21.3 (Yoast SEO v21.3) - https:\/\/yoast.com\/wordpress\/plugins\/seo\/ -->\n<title>Proyecto de ley bipartidaria para un precio al carbono se vuelve a presentar en la C\u00e1mara Baja | Citizens&#039; Climate Lobby<\/title>\n<meta name=\"description\" content=\"Representantes. Ted Deutch, Francis Rooney, Charlie Crist, Anna Eshoo, Judy Chu, Dan Lipinski, y Scott Peters presentaron un proyecto de ley para poner un precio al carbono el 24 de enero 2019.\" \/>\n<meta name=\"robots\" content=\"index, follow, max-snippet:-1, max-image-preview:large, max-video-preview:-1\" \/>\n<link rel=\"canonical\" href=\"https:\/\/citizensclimatelobby.org\/es\/blog\/noticias\/proyecto-de-ley-bipartidaria-para-precio-al-carbono-se-vuelve-a-presentar-en-la-camara-baja\/\" \/>\n<meta property=\"og:locale\" content=\"es_ES\" \/>\n<meta property=\"og:type\" content=\"article\" \/>\n<meta property=\"og:title\" content=\"Proyecto de ley bipartidaria para un precio al carbono se vuelve a presentar en la C\u00e1mara Baja\" \/>\n<meta property=\"og:description\" content=\"Representantes. Ted Deutch, Francis Rooney, Charlie Crist, Anna Eshoo, Judy Chu, Dan Lipinski, y Scott Peters presentaron un proyecto de ley para poner un precio al carbono el 24 de enero 2019.\" \/>\n<meta property=\"og:url\" content=\"https:\/\/citizensclimatelobby.org\/es\/blog\/noticias\/proyecto-de-ley-bipartidaria-para-precio-al-carbono-se-vuelve-a-presentar-en-la-camara-baja\/\" \/>\n<meta property=\"og:site_name\" content=\"Citizens&#039; Climate Lobby\" \/>\n<meta property=\"article:publisher\" content=\"https:\/\/www.facebook.com\/CitizensClimateLobby\/\" \/>\n<meta property=\"article:published_time\" content=\"2019-01-24T16:23:50+00:00\" \/>\n<meta property=\"article:modified_time\" content=\"2019-01-25T14:07:09+00:00\" \/>\n<meta property=\"og:image\" content=\"https:\/\/citizensclimatelobby.org\/wp-content\/uploads\/2019\/01\/sponsors-header-1.jpg\" \/>\n\t<meta property=\"og:image:width\" content=\"497\" \/>\n\t<meta property=\"og:image:height\" content=\"255\" \/>\n\t<meta property=\"og:image:type\" content=\"image\/jpeg\" \/>\n<meta name=\"author\" content=\"Steve Valk\" \/>\n<meta name=\"twitter:card\" content=\"summary_large_image\" \/>\n<meta name=\"twitter:creator\" content=\"@citizensclimate\" \/>\n<meta name=\"twitter:site\" content=\"@citizensclimate\" \/>\n<meta name=\"twitter:label1\" content=\"Escrito por\" \/>\n\t<meta name=\"twitter:data1\" content=\"Steve Valk\" \/>\n\t<meta name=\"twitter:label2\" content=\"Tiempo de lectura\" \/>\n\t<meta name=\"twitter:data2\" content=\"3 minutes\" \/>\n<script type=\"application\/ld+json\" class=\"yoast-schema-graph\">{\"@context\":\"https:\/\/schema.org\",\"@graph\":[{\"@type\":\"Article\",\"@id\":\"https:\/\/citizensclimatelobby.org\/es\/blog\/noticias\/proyecto-de-ley-bipartidaria-para-precio-al-carbono-se-vuelve-a-presentar-en-la-camara-baja\/#article\",\"isPartOf\":{\"@id\":\"https:\/\/citizensclimatelobby.org\/es\/blog\/noticias\/proyecto-de-ley-bipartidaria-para-precio-al-carbono-se-vuelve-a-presentar-en-la-camara-baja\/\"},\"author\":{\"name\":\"Steve Valk\",\"@id\":\"https:\/\/citizensclimatelobby.org\/#\/schema\/person\/6fef1cac6e0582e080ab159ac24d5965\"},\"headline\":\"Proyecto de ley bipartidaria para un precio al carbono se vuelve a presentar en la C\u00e1mara Baja\",\"datePublished\":\"2019-01-24T16:23:50+00:00\",\"dateModified\":\"2019-01-25T14:07:09+00:00\",\"mainEntityOfPage\":{\"@id\":\"https:\/\/citizensclimatelobby.org\/es\/blog\/noticias\/proyecto-de-ley-bipartidaria-para-precio-al-carbono-se-vuelve-a-presentar-en-la-camara-baja\/\"},\"wordCount\":704,\"publisher\":{\"@id\":\"https:\/\/citizensclimatelobby.org\/#organization\"},\"keywords\":[\"California\",\"Florida\",\"Proyecto de Ley de Innovaci\u00f3n Energ\u00e9tica y Dividendos de Carbono\"],\"articleSection\":[\"Noticias de CCL\"],\"inLanguage\":\"es-ES\"},{\"@type\":\"WebPage\",\"@id\":\"https:\/\/citizensclimatelobby.org\/es\/blog\/noticias\/proyecto-de-ley-bipartidaria-para-precio-al-carbono-se-vuelve-a-presentar-en-la-camara-baja\/\",\"url\":\"https:\/\/citizensclimatelobby.org\/es\/blog\/noticias\/proyecto-de-ley-bipartidaria-para-precio-al-carbono-se-vuelve-a-presentar-en-la-camara-baja\/\",\"name\":\"Proyecto de ley bipartidaria para un precio al carbono se vuelve a presentar en la C\u00e1mara Baja | Citizens&#039; Climate Lobby\",\"isPartOf\":{\"@id\":\"https:\/\/citizensclimatelobby.org\/#website\"},\"datePublished\":\"2019-01-24T16:23:50+00:00\",\"dateModified\":\"2019-01-25T14:07:09+00:00\",\"description\":\"Representantes. Ted Deutch, Francis Rooney, Charlie Crist, Anna Eshoo, Judy Chu, Dan Lipinski, y Scott Peters presentaron un proyecto de ley para poner un precio al carbono el 24 de enero 2019.\",\"breadcrumb\":{\"@id\":\"https:\/\/citizensclimatelobby.org\/es\/blog\/noticias\/proyecto-de-ley-bipartidaria-para-precio-al-carbono-se-vuelve-a-presentar-en-la-camara-baja\/#breadcrumb\"},\"inLanguage\":\"es-ES\",\"potentialAction\":[{\"@type\":\"ReadAction\",\"target\":[\"https:\/\/citizensclimatelobby.org\/es\/blog\/noticias\/proyecto-de-ley-bipartidaria-para-precio-al-carbono-se-vuelve-a-presentar-en-la-camara-baja\/\"]}]},{\"@type\":\"BreadcrumbList\",\"@id\":\"https:\/\/citizensclimatelobby.org\/es\/blog\/noticias\/proyecto-de-ley-bipartidaria-para-precio-al-carbono-se-vuelve-a-presentar-en-la-camara-baja\/#breadcrumb\",\"itemListElement\":[{\"@type\":\"ListItem\",\"position\":1,\"name\":\"Home\",\"item\":\"https:\/\/citizensclimatelobby.org\/es\/\"},{\"@type\":\"ListItem\",\"position\":2,\"name\":\"Proyecto de ley bipartidaria para un precio al carbono se vuelve a presentar en la C\u00e1mara Baja\"}]},{\"@type\":\"WebSite\",\"@id\":\"https:\/\/citizensclimatelobby.org\/#website\",\"url\":\"https:\/\/citizensclimatelobby.org\/\",\"name\":\"Citizens&#039; Climate Lobby\",\"description\":\"Political will for a livable world\",\"publisher\":{\"@id\":\"https:\/\/citizensclimatelobby.org\/#organization\"},\"potentialAction\":[{\"@type\":\"SearchAction\",\"target\":{\"@type\":\"EntryPoint\",\"urlTemplate\":\"https:\/\/citizensclimatelobby.org\/?s={search_term_string}\"},\"query-input\":\"required name=search_term_string\"}],\"inLanguage\":\"es-ES\"},{\"@type\":\"Organization\",\"@id\":\"https:\/\/citizensclimatelobby.org\/#organization\",\"name\":\"Citizens' Climate Lobby\",\"url\":\"https:\/\/citizensclimatelobby.org\/\",\"logo\":{\"@type\":\"ImageObject\",\"inLanguage\":\"es-ES\",\"@id\":\"https:\/\/citizensclimatelobby.org\/#\/schema\/logo\/image\/\",\"url\":\"https:\/\/citizensclimatelobby.org\/wp-content\/uploads\/2017\/04\/CCL-Logo.png\",\"contentUrl\":\"https:\/\/citizensclimatelobby.org\/wp-content\/uploads\/2017\/04\/CCL-Logo.png\",\"width\":314,\"height\":201,\"caption\":\"Citizens' Climate Lobby\"},\"image\":{\"@id\":\"https:\/\/citizensclimatelobby.org\/#\/schema\/logo\/image\/\"},\"sameAs\":[\"https:\/\/www.facebook.com\/CitizensClimateLobby\/\",\"https:\/\/twitter.com\/citizensclimate\",\"https:\/\/www.instagram.com\/citizensclimate\/\",\"https:\/\/www.linkedin.com\/company\/citizens-climate-lobby\/\",\"https:\/\/www.youtube.com\/c\/CitizensClimateLobby\",\"https:\/\/en.wikipedia.org\/wiki\/Citizens_Climate_Lobby\"]},{\"@type\":\"Person\",\"@id\":\"https:\/\/citizensclimatelobby.org\/#\/schema\/person\/6fef1cac6e0582e080ab159ac24d5965\",\"name\":\"Steve Valk\",\"image\":{\"@type\":\"ImageObject\",\"inLanguage\":\"es-ES\",\"@id\":\"https:\/\/citizensclimatelobby.org\/#\/schema\/person\/image\/\",\"url\":\"https:\/\/secure.gravatar.com\/avatar\/e2c193b5888dcb0648d5977741e2f12d?s=96&d=mm&r=g\",\"contentUrl\":\"https:\/\/secure.gravatar.com\/avatar\/e2c193b5888dcb0648d5977741e2f12d?s=96&d=mm&r=g\",\"caption\":\"Steve Valk\"},\"description\":\"Steve Valk is a former Communications Coordinator for Citizens' Climate Lobby. Steve joined the CCL staff in 2009 after a 30-year career with the Atlanta Journal-Constitution.\",\"url\":\"https:\/\/citizensclimatelobby.org\/es\/blog\/author\/stevevalk\/\"}]}<\/script>\n<!-- \/ Yoast SEO Premium plugin. -->","yoast_head_json":{"title":"Proyecto de ley bipartidaria para un precio al carbono se vuelve a presentar en la C\u00e1mara Baja | Citizens&#039; Climate Lobby","description":"Representantes. Ted Deutch, Francis Rooney, Charlie Crist, Anna Eshoo, Judy Chu, Dan Lipinski, y Scott Peters presentaron un proyecto de ley para poner un precio al carbono el 24 de enero 2019.","robots":{"index":"index","follow":"follow","max-snippet":"max-snippet:-1","max-image-preview":"max-image-preview:large","max-video-preview":"max-video-preview:-1"},"canonical":"https:\/\/citizensclimatelobby.org\/es\/blog\/noticias\/proyecto-de-ley-bipartidaria-para-precio-al-carbono-se-vuelve-a-presentar-en-la-camara-baja\/","og_locale":"es_ES","og_type":"article","og_title":"Proyecto de ley bipartidaria para un precio al carbono se vuelve a presentar en la C\u00e1mara Baja","og_description":"Representantes. Ted Deutch, Francis Rooney, Charlie Crist, Anna Eshoo, Judy Chu, Dan Lipinski, y Scott Peters presentaron un proyecto de ley para poner un precio al carbono el 24 de enero 2019.","og_url":"https:\/\/citizensclimatelobby.org\/es\/blog\/noticias\/proyecto-de-ley-bipartidaria-para-precio-al-carbono-se-vuelve-a-presentar-en-la-camara-baja\/","og_site_name":"Citizens&#039; Climate Lobby","article_publisher":"https:\/\/www.facebook.com\/CitizensClimateLobby\/","article_published_time":"2019-01-24T16:23:50+00:00","article_modified_time":"2019-01-25T14:07:09+00:00","og_image":[{"width":497,"height":255,"url":"https:\/\/citizensclimatelobby.org\/wp-content\/uploads\/2019\/01\/sponsors-header-1.jpg","type":"image\/jpeg"}],"author":"Steve Valk","twitter_card":"summary_large_image","twitter_creator":"@citizensclimate","twitter_site":"@citizensclimate","twitter_misc":{"Escrito por":"Steve Valk","Tiempo de lectura":"3 minutes"},"schema":{"@context":"https:\/\/schema.org","@graph":[{"@type":"Article","@id":"https:\/\/citizensclimatelobby.org\/es\/blog\/noticias\/proyecto-de-ley-bipartidaria-para-precio-al-carbono-se-vuelve-a-presentar-en-la-camara-baja\/#article","isPartOf":{"@id":"https:\/\/citizensclimatelobby.org\/es\/blog\/noticias\/proyecto-de-ley-bipartidaria-para-precio-al-carbono-se-vuelve-a-presentar-en-la-camara-baja\/"},"author":{"name":"Steve Valk","@id":"https:\/\/citizensclimatelobby.org\/#\/schema\/person\/6fef1cac6e0582e080ab159ac24d5965"},"headline":"Proyecto de ley bipartidaria para un precio al carbono se vuelve a presentar en la C\u00e1mara Baja","datePublished":"2019-01-24T16:23:50+00:00","dateModified":"2019-01-25T14:07:09+00:00","mainEntityOfPage":{"@id":"https:\/\/citizensclimatelobby.org\/es\/blog\/noticias\/proyecto-de-ley-bipartidaria-para-precio-al-carbono-se-vuelve-a-presentar-en-la-camara-baja\/"},"wordCount":704,"publisher":{"@id":"https:\/\/citizensclimatelobby.org\/#organization"},"keywords":["California","Florida","Proyecto de Ley de Innovaci\u00f3n Energ\u00e9tica y Dividendos de Carbono"],"articleSection":["Noticias de CCL"],"inLanguage":"es-ES"},{"@type":"WebPage","@id":"https:\/\/citizensclimatelobby.org\/es\/blog\/noticias\/proyecto-de-ley-bipartidaria-para-precio-al-carbono-se-vuelve-a-presentar-en-la-camara-baja\/","url":"https:\/\/citizensclimatelobby.org\/es\/blog\/noticias\/proyecto-de-ley-bipartidaria-para-precio-al-carbono-se-vuelve-a-presentar-en-la-camara-baja\/","name":"Proyecto de ley bipartidaria para un precio al carbono se vuelve a presentar en la C\u00e1mara Baja | Citizens&#039; Climate Lobby","isPartOf":{"@id":"https:\/\/citizensclimatelobby.org\/#website"},"datePublished":"2019-01-24T16:23:50+00:00","dateModified":"2019-01-25T14:07:09+00:00","description":"Representantes. Ted Deutch, Francis Rooney, Charlie Crist, Anna Eshoo, Judy Chu, Dan Lipinski, y Scott Peters presentaron un proyecto de ley para poner un precio al carbono el 24 de enero 2019.","breadcrumb":{"@id":"https:\/\/citizensclimatelobby.org\/es\/blog\/noticias\/proyecto-de-ley-bipartidaria-para-precio-al-carbono-se-vuelve-a-presentar-en-la-camara-baja\/#breadcrumb"},"inLanguage":"es-ES","potentialAction":[{"@type":"ReadAction","target":["https:\/\/citizensclimatelobby.org\/es\/blog\/noticias\/proyecto-de-ley-bipartidaria-para-precio-al-carbono-se-vuelve-a-presentar-en-la-camara-baja\/"]}]},{"@type":"BreadcrumbList","@id":"https:\/\/citizensclimatelobby.org\/es\/blog\/noticias\/proyecto-de-ley-bipartidaria-para-precio-al-carbono-se-vuelve-a-presentar-en-la-camara-baja\/#breadcrumb","itemListElement":[{"@type":"ListItem","position":1,"name":"Home","item":"https:\/\/citizensclimatelobby.org\/es\/"},{"@type":"ListItem","position":2,"name":"Proyecto de ley bipartidaria para un precio al carbono se vuelve a presentar en la C\u00e1mara Baja"}]},{"@type":"WebSite","@id":"https:\/\/citizensclimatelobby.org\/#website","url":"https:\/\/citizensclimatelobby.org\/","name":"Citizens&#039; Climate Lobby","description":"Political will for a livable world","publisher":{"@id":"https:\/\/citizensclimatelobby.org\/#organization"},"potentialAction":[{"@type":"SearchAction","target":{"@type":"EntryPoint","urlTemplate":"https:\/\/citizensclimatelobby.org\/?s={search_term_string}"},"query-input":"required name=search_term_string"}],"inLanguage":"es-ES"},{"@type":"Organization","@id":"https:\/\/citizensclimatelobby.org\/#organization","name":"Citizens' Climate Lobby","url":"https:\/\/citizensclimatelobby.org\/","logo":{"@type":"ImageObject","inLanguage":"es-ES","@id":"https:\/\/citizensclimatelobby.org\/#\/schema\/logo\/image\/","url":"https:\/\/citizensclimatelobby.org\/wp-content\/uploads\/2017\/04\/CCL-Logo.png","contentUrl":"https:\/\/citizensclimatelobby.org\/wp-content\/uploads\/2017\/04\/CCL-Logo.png","width":314,"height":201,"caption":"Citizens' Climate Lobby"},"image":{"@id":"https:\/\/citizensclimatelobby.org\/#\/schema\/logo\/image\/"},"sameAs":["https:\/\/www.facebook.com\/CitizensClimateLobby\/","https:\/\/twitter.com\/citizensclimate","https:\/\/www.instagram.com\/citizensclimate\/","https:\/\/www.linkedin.com\/company\/citizens-climate-lobby\/","https:\/\/www.youtube.com\/c\/CitizensClimateLobby","https:\/\/en.wikipedia.org\/wiki\/Citizens_Climate_Lobby"]},{"@type":"Person","@id":"https:\/\/citizensclimatelobby.org\/#\/schema\/person\/6fef1cac6e0582e080ab159ac24d5965","name":"Steve Valk","image":{"@type":"ImageObject","inLanguage":"es-ES","@id":"https:\/\/citizensclimatelobby.org\/#\/schema\/person\/image\/","url":"https:\/\/secure.gravatar.com\/avatar\/e2c193b5888dcb0648d5977741e2f12d?s=96&d=mm&r=g","contentUrl":"https:\/\/secure.gravatar.com\/avatar\/e2c193b5888dcb0648d5977741e2f12d?s=96&d=mm&r=g","caption":"Steve Valk"},"description":"Steve Valk is a former Communications Coordinator for Citizens' Climate Lobby. Steve joined the CCL staff in 2009 after a 30-year career with the Atlanta Journal-Constitution.","url":"https:\/\/citizensclimatelobby.org\/es\/blog\/author\/stevevalk\/"}]}},"thumbnail_html":"<img width=\"497\" height=\"255\" src=\"https:\/\/citizensclimatelobby.org\/wp-content\/uploads\/2019\/01\/sponsors-header-1.jpg\" class=\"attachment-large size-large wp-post-image\" alt=\"Bill sponsors Reps. Deutch, Rooney, Chu, Crist, Eshoo, Lipinski, and Peters\" decoding=\"async\" srcset=\"https:\/\/citizensclimatelobby.org\/wp-content\/uploads\/2019\/01\/sponsors-header-1.jpg 497w, https:\/\/citizensclimatelobby.org\/wp-content\/uploads\/2019\/01\/sponsors-header-300x154.png 300w\" sizes=\"(max-width: 497px) 100vw, 497px\" \/>","sf_custom_excerpt":["Representantes. Ted Deutch, Francis Rooney, Charlie Crist, Anna Eshoo, Judy Chu, Dan Lipinski, y Scott Peters presentaron un proyecto de ley para poner un precio al carbono el 24 de enero 2019."],"ccl_formatted_date":"enero 24, 2019","_links":{"self":[{"href":"https:\/\/citizensclimatelobby.org\/es\/wp-json\/wp\/v2\/posts\/31827"}],"collection":[{"href":"https:\/\/citizensclimatelobby.org\/es\/wp-json\/wp\/v2\/posts"}],"about":[{"href":"https:\/\/citizensclimatelobby.org\/es\/wp-json\/wp\/v2\/types\/post"}],"author":[{"embeddable":true,"href":"https:\/\/citizensclimatelobby.org\/es\/wp-json\/wp\/v2\/users\/26"}],"replies":[{"embeddable":true,"href":"https:\/\/citizensclimatelobby.org\/es\/wp-json\/wp\/v2\/comments?post=31827"}],"version-history":[{"count":0,"href":"https:\/\/citizensclimatelobby.org\/es\/wp-json\/wp\/v2\/posts\/31827\/revisions"}],"wp:featuredmedia":[{"embeddable":true,"href":"https:\/\/citizensclimatelobby.org\/es\/wp-json\/wp\/v2\/media\/31817"}],"wp:attachment":[{"href":"https:\/\/citizensclimatelobby.org\/es\/wp-json\/wp\/v2\/media?parent=31827"}],"wp:term":[{"taxonomy":"category","embeddable":true,"href":"https:\/\/citizensclimatelobby.org\/es\/wp-json\/wp\/v2\/categories?post=31827"},{"taxonomy":"post_tag","embeddable":true,"href":"https:\/\/citizensclimatelobby.org\/es\/wp-json\/wp\/v2\/tags?post=31827"}],"curies":[{"name":"wp","href":"https:\/\/api.w.org\/{rel}","templated":true}]}}