{"id":32326,"date":"2019-02-20T17:55:42","date_gmt":"2019-02-20T17:55:42","guid":{"rendered":"https:\/\/stageccl.wpengine.com\/dr-dejarnett-explains-how-climate-change-threatens-public-health\/"},"modified":"2019-02-25T23:25:56","modified_gmt":"2019-02-25T23:25:56","slug":"dra-dejarnett-como-cambio-climatico-amenaza-salud-publica","status":"publish","type":"post","link":"https:\/\/citizensclimatelobby.org\/es\/blog\/oradores-mensuales\/dra-dejarnett-como-cambio-climatico-amenaza-salud-publica\/","title":{"rendered":"Dra. DeJarnett explica c\u00f3mo el cambio clim\u00e1tico amenaza la salud p\u00fablica"},"content":{"rendered":"<h1><img decoding=\"async\" class=\"aligncenter wp-image-32337\" src=\"https:\/\/citizensclimatelobby.org\/wp-content\/uploads\/2019\/02\/img-dejarnett-feb-2019-ES-300x153.jpg\" alt=\"\" width=\"709\" height=\"362\" \/><\/h1>\n<h1>Dra. DeJarnett explica c\u00f3mo el cambio clim\u00e1tico amenaza la salud p\u00fablica<\/h1>\n<h4>Por Sara Wanous<\/h4>\n<p><i>Cada m\u00e9s, Ciudadanos por un Clima Vivible organiza una reuni\u00f3n en l\u00ednea que destaca un orador invitado para educar a los oyentes sobre temas relacionados con el cambio clim\u00e1tico y nuestra propuesta de Dividendos Energ\u00e9ticos, y el Proyecto de Ley de Innovaci\u00f3n Energ\u00e9tica y Dividendos de Carbono. Vea los oradores anteriores <\/i><a href=\"https:\/\/citizensclimatelobby.org\/es\/category\/reuniones-mensuales\" target=\"_blank\" rel=\"noopener\"><i>aqu\u00ed<\/i><\/a><i>.<\/i><i><\/i><\/p>\n<p><span style=\"font-weight: 400;\">El cambio clim\u00e1tico es una amenaza de gran escala, pero tambi\u00e9n es tan personal como nuestra propia salud. La Dra. Natasha DeJarnett de la Asociaci\u00f3n Nacional de Salud Ambiental, (NEHA por sus siglas en ingl\u00e9s) investiga c\u00f3mo el cambio clim\u00e1tico y exposiciones ambientales impactan a la salud p\u00fablica. Ella est\u00e1 entre muchos profesionales de la salud que est\u00e1n prestando atenci\u00f3n a los efectos del cambio clim\u00e1tico en la salud. Seg\u00fan la Dra. DeJarnett, \u201cMuchas de la organizaciones de salud, especialmente los l\u00edderes de ellas, se mantienen firmes de que el cambio clim\u00e1tico es la mayor amenaza a la salud p\u00fablica que actualmente enfrentamos\u201d. <\/span><\/p>\n<p><span style=\"font-weight: 400;\">Dra. DeJarnett consistentemente comparte su conocimiento y experiencia con nuestra organizaci\u00f3n &#8212; sirve como miembro de la<\/span> <a href=\"https:\/\/citizensclimateeducation.org\/about-cce\/governing-board\/\" target=\"_blank\" rel=\"noopener\"><span style=\"font-weight: 400;\">junta gobernante<\/span><\/a> de Educaci\u00f3n Ciudadana por el Clima<span style=\"font-weight: 400;\">, <a href=\"https:\/\/www.youtube.com\/watch?v=QDR2cjA-AZQ&amp;list=PLXjILMNokmN7jhdlhpfDB5LDc3Lc_oaP9\" target=\"_blank\" rel=\"noopener\">presenta en nuestras conferencias<\/a>, y m\u00e1s recientemente se junt\u00f3 a nuestra llamada nacional este febrero. Habl\u00f3 sobre tres \u00e1reas principales &#8212; la calidad del aire, la calidad del agua, y la salud mental &#8212; y sobre la importancia de comunicar c\u00f3mo el cambio clim\u00e1tico afecta la salud.<\/span><\/p>\n<p><iframe title=\"Dr. Natasha DeJarnett | Citizens&#039; Climate Lobby | February 2019 Monthly Speaker\" width=\"500\" height=\"281\" src=\"https:\/\/www.youtube.com\/embed\/JRriFZH0koM?wmode=transparent&amp;rel=0&amp;feature=oembed\" frameborder=\"0\" allow=\"accelerometer; autoplay; clipboard-write; encrypted-media; gyroscope; picture-in-picture\" allowfullscreen><\/iframe><\/p>\n<h4>El aire<\/h4>\n<p><span style=\"font-weight: 400;\">La calidad del aire que respiramos es vital para nuestra salud. El Estudio de Seis Ciudades por Harvard (<a href=\"https:\/\/www.nejm.org\/doi\/full\/10.1056\/NEJM199312093292401\" target=\"_blank\" rel=\"noopener\">Harvard Six City Study<\/a>) mostr\u00f3 dram\u00e1ticamente que las ciudades con m\u00e1s contaminaci\u00f3n tienen tasa de mortalidad m\u00e1s altas, y otros estudios han vinculado la peor contaminaci\u00f3n del aire con una esperanza de vidas m\u00e1s corta. El cambio clim\u00e1tico antropog\u00e9nico calienta a nuestra atm\u00f3sfera, atrapando tanto el calor como la contaminaci\u00f3n. Dra. DeJarnett lo dijo simplemente: \u201cEl cambio clim\u00e1tico est\u00e1 da\u00f1ando a nuestra salud, amenazando a nuestras vidas, y tambi\u00e9n est\u00e1 recortando nuestras vidas\u201d.<\/span><\/p>\n<p><span style=\"font-weight: 400;\">El aumentado calor asociado con el clima tiene efectos negativos a la salud tambi\u00e9n. Temporadas c\u00e1lidas m\u00e1s largas y m\u00e1s calientes causadas por el cambio clim\u00e1tico resultan en m\u00e1s polen. M\u00e1s polen empeora las alergias comunes, lo que lleva a disminuida productividad en el trabajo y un aumento en ausencias de la escuela. Estas temporadas c\u00e1lidas m\u00e1s largas y calientes tambi\u00e9n ampl\u00edan el alcance de los vectores. Vectores son organismos peque\u00f1os que transmiten enfermedades, como las garrapatas que transmiten la enfermedad Lyme y los zancudos que transmiten el Virus del Nilo Occidental. El cambio clim\u00e1tico tambi\u00e9n amplia el \u00e1rea del h\u00e1bitat viable para estos animales y aumenta su poblaci\u00f3n porque menos se mueren durante las temporadas fr\u00edas m\u00e1s cortas. <\/span><\/p>\n<p><span style=\"font-weight: 400;\">Bajo estos peligros de la calidad del aire, la Dra. DeJarnett dijo: &#8220;todos estamos en riesgo&#8221;. Pero ella se\u00f1al\u00f3: &#8220;hay algunos de nosotros que somos m\u00e1s vulnerables, los ni\u00f1os en particular&#8221;. Seg\u00fan la Organizaci\u00f3n Mundial de la Salud, el <a href=\"https:\/\/www.apha.org\/~\/media\/files\/pdf\/topics\/climate\/childrens_health.ashx\" target=\"_blank\" rel=\"noopener\">88%<\/a> de la carga del cambio clim\u00e1tico recae en los ni\u00f1os.<\/span><\/p>\n<h4>El agua<\/h4>\n<p>El aumento del calor atmosf\u00e9rico asociado con el cambio clim\u00e1tico provoca inestabilidad en nuestra atm\u00f3sfera, lo que aumenta la frecuencia e intensidad de los fen\u00f3menos meteorol\u00f3gicos extremos. Esto significa que el cambio clim\u00e1tico nos trae una precipitaci\u00f3n m\u00e1s variada, causando tanto m\u00e1s inundaciones como m\u00e1s sequ\u00edas. Las inundaciones son un riesgo que Dra. DeJarnett ha personalmente vivido. &#8220;Mi familia y yo estuvimos en una situaci\u00f3n provocada por las inundaciones&#8221;, dijo. &#8220;Hubo una riada &#8212; la carretera totalmente inundada &#8212; y nos encontramos en un punto donde ya no pod\u00edamos ver la calle. Lamentablemente procedimos, lo que no se debe hacer si no se ve ninguna luz de la calle\u201d. Afortunadamente salieron bien, pero fue una situaci\u00f3n aterradora y una que ocurrir\u00e1 cada vez m\u00e1s en los a\u00f1os venideras a medida que avanza el cambio clim\u00e1tico.<\/p>\n<p>M\u00e1s all\u00e1 de la heridas directas y los ahogos, la inundaci\u00f3n aumenta la transmisi\u00f3n de enfermedades. Las inundaciones a menudo desbordan los sistemas de alcantarillado, mezclando aguas residuales crudas con sistemas de agua potable. Un <a href=\"https:\/\/www.sciencedaily.com\/releases\/2001\/08\/010801081736.htm\" target=\"_blank\" rel=\"noopener\">estudio de Johns Hopkins<\/a> demostr\u00f3 que m\u00e1s de la mitad de los brotes de enfermedades gastrointestinales fueron precedidos por un acontecimiento de precipitaciones extremas.<\/p>\n<h4>La mente<\/h4>\n<p>Dra. DeJarnett enfatizo la importancia de considerar los efectos a la salud mental del cambil clim\u00e1tico a la misma bez de los efectos a la salud f\u00edsica. Aunque las investigaciones sobre los impactos f\u00edsicos se han desarrollado m\u00e1s, la creciente cantidad de investigaciones sobre los efectos a la salud mental de los eventos relacionados al cambio clim\u00e1tico ha mostrado resultados alarmantes.<\/p>\n<p>Dra. DeJarnett mencion\u00f3 estudios que muestran que \u201cun 49% de los sobrevivientes del Hurac\u00e1n Katrina se quedaron con algun tipo de trastorno emocional o por ansiedad despu\u00e9s de la tormenta\u201d, y \u201c1 en 6 de los sobrevivientes del Hurac\u00e1n Katrina desarroll\u00f3 el Trastorno por Estr\u00e9s Post Traum\u00e1tico despu\u00e9s de la tormenta&#8221;.<\/p>\n<p>&nbsp;<\/p>\n<p><span style=\"font-weight: 400;\">El calor extremo tambi\u00e9n crea poblemas \u00fanicos. Cuando la temperatura crece suficiente, algunos medicamentos dise\u00f1ados para tratar enfermedades mentales no funcionan. Las personas con estrechos lazos culturales o econ\u00f3micos con la tierra tambi\u00e9n corren peligro. Durante una reciente sequ\u00eda del medio oeste, <\/span><a href=\"https:\/\/www.theguardian.com\/us-news\/2017\/dec\/06\/why-are-americas-farmers-killing-themselves-in-record-numbers\" target=\"_blank\" rel=\"noopener\"><span style=\"font-weight: 400;\">la tasa de suicidio en los agricultores se duplic\u00f3<\/span><\/a><span style=\"font-weight: 400;\">. <\/span><\/p>\n<h4>Comunicando la conexi\u00f3n<\/h4>\n<p>Seg\u00fan la Dra. DeJarnett, \u201cUna de las cosas m\u00e1s importantes que podemos hacer es traer la salud a la conversaci\u00f3n clim\u00e1tica\u201d. La salud es a la vez una experiencia universal y personal. Los impactos a la salud son importantes para cada comunidad y pueden ser comunicados a trav\u00e9s de historias individuales pero accesibles.<\/p>\n<p>Las profesionales de la salud pueden marcar una diferencia aqu\u00ed. \u201cLas enfermeras son los profesionales sanitarios m\u00e1s de confianza\u201d, dijo Dra. DeJarnett. Profesionales sanitarios pueden ser comunicadores efectivos debido a las an\u00e9cdotas personales que traen consigo. Como trabajan con miembros de la comunidad local diariamente, observan de primera mano los impactos en la salud de la calidad del aire, las inundaciones, y eventos meteorol\u00f3gicos extremos.<\/p>\n<p>La Dra. DeJarnett recomend\u00f3 enfatizar la resiliencia y mantener el positivismo cuando hablamos de estos temas. Hay muchas cifras importantes sobre la conexi\u00f3n entre el cambio clim\u00e1tico y la salud, pero estos datos pueden ser demasiado negativos, abrumadores, y desmoralizadores. Dra. DeJarnett propuso que \u201cpodemos formular las cosas en t\u00e9rminos de c\u00f3mo la acci\u00f3n sobre el cambio clim\u00e1tico genera comunidades m\u00e1s resistentes y fuertes\u201d.<\/p>\n<p><i><span style=\"font-weight: 400;\">Para escuchar m\u00e1s de la Dra. Natasha DeJarnett, incluyendo preguntas y respuestas con voluntarios de CCL (en ingl\u00e9s), vea la reuni\u00f3n entera de diciembre en <\/span><\/i><a href=\"https:\/\/www.youtube.com\/watch?v=JRriFZH0koM&amp;feature=youtu.be\" target=\"_blank\" rel=\"noopener\"><i><span style=\"font-weight: 400;\">YouTube<\/span><\/i><\/a><i><span style=\"font-weight: 400;\"> o escucha al <\/span><\/i><a href=\"https:\/\/www.youtube.com\/watch?v=JRriFZH0koM&amp;feature=youtu.be\" target=\"_blank\" rel=\"noopener\"><i><span style=\"font-weight: 400;\">podcast<\/span><\/i><\/a><i><span style=\"font-weight: 400;\">. Siga Dra. DeJarnett en Twitter a <\/span><\/i><a href=\"https:\/\/twitter.com\/DrDeJarnett\" target=\"_blank\" rel=\"noopener\"><i><span style=\"font-weight: 400;\">@DrDeJarnett<\/span><\/i><\/a><i><span style=\"font-weight: 400;\">.<\/span><\/i><\/p>\n<p><i><span style=\"font-weight: 400;\">Sara Wanous ha sido la Coordinadora de Membres\u00eda en Ciudadanos por un Clima Vivible desde enero 2018. Recibi\u00f3 su bachillerato en dos \u00e1reas: Econom\u00eda, y en Ciencias y Pol\u00edticas Ambientales, de la Universidad de Chapman.\u00a0 Est\u00e1 estudiando para su maestr\u00eda en Ciencia y Pol\u00edtica Clim\u00e1tica en la Instituci\u00f3n Scripps de Oceanograf\u00eda..<\/span><\/i><\/p>\n","protected":false},"excerpt":{"rendered":"<p>Dra. DeJarnett explica c\u00f3mo el cambio clim\u00e1tico amenaza la salud p\u00fablica Por Sara Wanous Cada m\u00e9s, Ciudadanos por un Clima Vivible organiza una reuni\u00f3n en l\u00ednea que destaca un orador invitado para educar a los oyentes sobre temas relacionados con el cambio clim\u00e1tico y nuestra propuesta de Dividendos Energ\u00e9ticos, y el Proyecto de Ley de Innovaci\u00f3n Energ\u00e9tica y Dividendos de [&hellip;]<\/p>\n","protected":false},"author":26,"featured_media":32337,"comment_status":"closed","ping_status":"closed","sticky":false,"template":"","format":"standard","meta":{"footnotes":""},"categories":[1942,927],"tags":[],"acf":[],"yoast_head":"<!-- This site is optimized with the Yoast SEO Premium plugin v21.3 (Yoast SEO v21.3) - https:\/\/yoast.com\/wordpress\/plugins\/seo\/ -->\n<title>Dra. DeJarnett explica c\u00f3mo el cambio clim\u00e1tico amenaza la salud p\u00fablica | Citizens&#039; Climate Lobby<\/title>\n<meta name=\"description\" content=\"La Dra. DeJarnett habl\u00f3 de c\u00f3mo el cambio clim\u00e1tico afecta a nuestra salud f\u00edsica y mental, adem\u00e1s de la importancia de comunicar estos impactos.\" \/>\n<meta name=\"robots\" content=\"index, follow, max-snippet:-1, max-image-preview:large, max-video-preview:-1\" \/>\n<link rel=\"canonical\" href=\"https:\/\/citizensclimatelobby.org\/es\/blog\/oradores-mensuales\/dra-dejarnett-como-cambio-climatico-amenaza-salud-publica\/\" \/>\n<meta property=\"og:locale\" content=\"es_ES\" \/>\n<meta property=\"og:type\" content=\"article\" \/>\n<meta property=\"og:title\" content=\"Dra. DeJarnett explica c\u00f3mo el cambio clim\u00e1tico amenaza la salud p\u00fablica\" \/>\n<meta property=\"og:description\" content=\"La Dra. DeJarnett habl\u00f3 de c\u00f3mo el cambio clim\u00e1tico afecta a nuestra salud f\u00edsica y mental, adem\u00e1s de la importancia de comunicar estos impactos.\" \/>\n<meta property=\"og:url\" content=\"https:\/\/citizensclimatelobby.org\/es\/blog\/oradores-mensuales\/dra-dejarnett-como-cambio-climatico-amenaza-salud-publica\/\" \/>\n<meta property=\"og:site_name\" content=\"Citizens&#039; Climate Lobby\" \/>\n<meta property=\"article:publisher\" content=\"https:\/\/www.facebook.com\/CitizensClimateLobby\/\" \/>\n<meta property=\"article:published_time\" content=\"2019-02-20T17:55:42+00:00\" \/>\n<meta property=\"article:modified_time\" content=\"2019-02-25T23:25:56+00:00\" \/>\n<meta property=\"og:image\" content=\"https:\/\/citizensclimatelobby.org\/wp-content\/uploads\/2019\/02\/img-dejarnett-feb-2019-ES-1.jpg\" \/>\n\t<meta property=\"og:image:width\" content=\"1086\" \/>\n\t<meta property=\"og:image:height\" content=\"554\" \/>\n\t<meta property=\"og:image:type\" content=\"image\/jpeg\" \/>\n<meta name=\"author\" content=\"Steve Valk\" \/>\n<meta name=\"twitter:card\" content=\"summary_large_image\" \/>\n<meta name=\"twitter:creator\" content=\"@citizensclimate\" \/>\n<meta name=\"twitter:site\" content=\"@citizensclimate\" \/>\n<meta name=\"twitter:label1\" content=\"Escrito por\" \/>\n\t<meta name=\"twitter:data1\" content=\"Steve Valk\" \/>\n\t<meta name=\"twitter:label2\" content=\"Tiempo de lectura\" \/>\n\t<meta name=\"twitter:data2\" content=\"6 minutes\" \/>\n<script type=\"application\/ld+json\" class=\"yoast-schema-graph\">{\"@context\":\"https:\/\/schema.org\",\"@graph\":[{\"@type\":\"Article\",\"@id\":\"https:\/\/citizensclimatelobby.org\/es\/blog\/oradores-mensuales\/dra-dejarnett-como-cambio-climatico-amenaza-salud-publica\/#article\",\"isPartOf\":{\"@id\":\"https:\/\/citizensclimatelobby.org\/es\/blog\/oradores-mensuales\/dra-dejarnett-como-cambio-climatico-amenaza-salud-publica\/\"},\"author\":{\"name\":\"Steve Valk\",\"@id\":\"https:\/\/citizensclimatelobby.org\/#\/schema\/person\/6fef1cac6e0582e080ab159ac24d5965\"},\"headline\":\"Dra. DeJarnett explica c\u00f3mo el cambio clim\u00e1tico amenaza la salud p\u00fablica\",\"datePublished\":\"2019-02-20T17:55:42+00:00\",\"dateModified\":\"2019-02-25T23:25:56+00:00\",\"mainEntityOfPage\":{\"@id\":\"https:\/\/citizensclimatelobby.org\/es\/blog\/oradores-mensuales\/dra-dejarnett-como-cambio-climatico-amenaza-salud-publica\/\"},\"wordCount\":1290,\"publisher\":{\"@id\":\"https:\/\/citizensclimatelobby.org\/#organization\"},\"articleSection\":[\"Ampliar la base\",\"Oradores mensuales\"],\"inLanguage\":\"es-ES\"},{\"@type\":\"WebPage\",\"@id\":\"https:\/\/citizensclimatelobby.org\/es\/blog\/oradores-mensuales\/dra-dejarnett-como-cambio-climatico-amenaza-salud-publica\/\",\"url\":\"https:\/\/citizensclimatelobby.org\/es\/blog\/oradores-mensuales\/dra-dejarnett-como-cambio-climatico-amenaza-salud-publica\/\",\"name\":\"Dra. DeJarnett explica c\u00f3mo el cambio clim\u00e1tico amenaza la salud p\u00fablica | Citizens&#039; Climate Lobby\",\"isPartOf\":{\"@id\":\"https:\/\/citizensclimatelobby.org\/#website\"},\"datePublished\":\"2019-02-20T17:55:42+00:00\",\"dateModified\":\"2019-02-25T23:25:56+00:00\",\"description\":\"La Dra. DeJarnett habl\u00f3 de c\u00f3mo el cambio clim\u00e1tico afecta a nuestra salud f\u00edsica y mental, adem\u00e1s de la importancia de comunicar estos impactos.\",\"breadcrumb\":{\"@id\":\"https:\/\/citizensclimatelobby.org\/es\/blog\/oradores-mensuales\/dra-dejarnett-como-cambio-climatico-amenaza-salud-publica\/#breadcrumb\"},\"inLanguage\":\"es-ES\",\"potentialAction\":[{\"@type\":\"ReadAction\",\"target\":[\"https:\/\/citizensclimatelobby.org\/es\/blog\/oradores-mensuales\/dra-dejarnett-como-cambio-climatico-amenaza-salud-publica\/\"]}]},{\"@type\":\"BreadcrumbList\",\"@id\":\"https:\/\/citizensclimatelobby.org\/es\/blog\/oradores-mensuales\/dra-dejarnett-como-cambio-climatico-amenaza-salud-publica\/#breadcrumb\",\"itemListElement\":[{\"@type\":\"ListItem\",\"position\":1,\"name\":\"Home\",\"item\":\"https:\/\/citizensclimatelobby.org\/es\/\"},{\"@type\":\"ListItem\",\"position\":2,\"name\":\"Dra. DeJarnett explica c\u00f3mo el cambio clim\u00e1tico amenaza la salud p\u00fablica\"}]},{\"@type\":\"WebSite\",\"@id\":\"https:\/\/citizensclimatelobby.org\/#website\",\"url\":\"https:\/\/citizensclimatelobby.org\/\",\"name\":\"Citizens&#039; Climate Lobby\",\"description\":\"Political will for a livable world\",\"publisher\":{\"@id\":\"https:\/\/citizensclimatelobby.org\/#organization\"},\"potentialAction\":[{\"@type\":\"SearchAction\",\"target\":{\"@type\":\"EntryPoint\",\"urlTemplate\":\"https:\/\/citizensclimatelobby.org\/?s={search_term_string}\"},\"query-input\":\"required name=search_term_string\"}],\"inLanguage\":\"es-ES\"},{\"@type\":\"Organization\",\"@id\":\"https:\/\/citizensclimatelobby.org\/#organization\",\"name\":\"Citizens' Climate Lobby\",\"url\":\"https:\/\/citizensclimatelobby.org\/\",\"logo\":{\"@type\":\"ImageObject\",\"inLanguage\":\"es-ES\",\"@id\":\"https:\/\/citizensclimatelobby.org\/#\/schema\/logo\/image\/\",\"url\":\"https:\/\/citizensclimatelobby.org\/wp-content\/uploads\/2017\/04\/CCL-Logo.png\",\"contentUrl\":\"https:\/\/citizensclimatelobby.org\/wp-content\/uploads\/2017\/04\/CCL-Logo.png\",\"width\":314,\"height\":201,\"caption\":\"Citizens' Climate Lobby\"},\"image\":{\"@id\":\"https:\/\/citizensclimatelobby.org\/#\/schema\/logo\/image\/\"},\"sameAs\":[\"https:\/\/www.facebook.com\/CitizensClimateLobby\/\",\"https:\/\/twitter.com\/citizensclimate\",\"https:\/\/www.instagram.com\/citizensclimate\/\",\"https:\/\/www.linkedin.com\/company\/citizens-climate-lobby\/\",\"https:\/\/www.youtube.com\/c\/CitizensClimateLobby\",\"https:\/\/en.wikipedia.org\/wiki\/Citizens_Climate_Lobby\"]},{\"@type\":\"Person\",\"@id\":\"https:\/\/citizensclimatelobby.org\/#\/schema\/person\/6fef1cac6e0582e080ab159ac24d5965\",\"name\":\"Steve Valk\",\"image\":{\"@type\":\"ImageObject\",\"inLanguage\":\"es-ES\",\"@id\":\"https:\/\/citizensclimatelobby.org\/#\/schema\/person\/image\/\",\"url\":\"https:\/\/secure.gravatar.com\/avatar\/e2c193b5888dcb0648d5977741e2f12d?s=96&d=mm&r=g\",\"contentUrl\":\"https:\/\/secure.gravatar.com\/avatar\/e2c193b5888dcb0648d5977741e2f12d?s=96&d=mm&r=g\",\"caption\":\"Steve Valk\"},\"description\":\"Steve Valk is a former Communications Coordinator for Citizens' Climate Lobby. Steve joined the CCL staff in 2009 after a 30-year career with the Atlanta Journal-Constitution.\",\"url\":\"https:\/\/citizensclimatelobby.org\/es\/blog\/author\/stevevalk\/\"}]}<\/script>\n<meta property=\"og:video\" content=\"https:\/\/www.youtube.com\/embed\/JRriFZH0koM\" \/>\n<meta property=\"og:video:type\" content=\"text\/html\" \/>\n<meta property=\"og:video:duration\" content=\"2349\" \/>\n<meta property=\"og:video:width\" content=\"480\" \/>\n<meta property=\"og:video:height\" content=\"270\" \/>\n<meta property=\"ya:ovs:adult\" content=\"false\" \/>\n<meta property=\"ya:ovs:upload_date\" content=\"2019-02-20T17:55:42+00:00\" \/>\n<meta property=\"ya:ovs:allow_embed\" content=\"true\" \/>\n<!-- \/ Yoast SEO Premium plugin. -->","yoast_head_json":{"title":"Dra. DeJarnett explica c\u00f3mo el cambio clim\u00e1tico amenaza la salud p\u00fablica | Citizens&#039; Climate Lobby","description":"La Dra. DeJarnett habl\u00f3 de c\u00f3mo el cambio clim\u00e1tico afecta a nuestra salud f\u00edsica y mental, adem\u00e1s de la importancia de comunicar estos impactos.","robots":{"index":"index","follow":"follow","max-snippet":"max-snippet:-1","max-image-preview":"max-image-preview:large","max-video-preview":"max-video-preview:-1"},"canonical":"https:\/\/citizensclimatelobby.org\/es\/blog\/oradores-mensuales\/dra-dejarnett-como-cambio-climatico-amenaza-salud-publica\/","og_locale":"es_ES","og_type":"article","og_title":"Dra. DeJarnett explica c\u00f3mo el cambio clim\u00e1tico amenaza la salud p\u00fablica","og_description":"La Dra. DeJarnett habl\u00f3 de c\u00f3mo el cambio clim\u00e1tico afecta a nuestra salud f\u00edsica y mental, adem\u00e1s de la importancia de comunicar estos impactos.","og_url":"https:\/\/citizensclimatelobby.org\/es\/blog\/oradores-mensuales\/dra-dejarnett-como-cambio-climatico-amenaza-salud-publica\/","og_site_name":"Citizens&#039; Climate Lobby","article_publisher":"https:\/\/www.facebook.com\/CitizensClimateLobby\/","article_published_time":"2019-02-20T17:55:42+00:00","article_modified_time":"2019-02-25T23:25:56+00:00","og_image":[{"width":1086,"height":554,"url":"https:\/\/citizensclimatelobby.org\/wp-content\/uploads\/2019\/02\/img-dejarnett-feb-2019-ES-1.jpg","type":"image\/jpeg"}],"author":"Steve Valk","twitter_card":"summary_large_image","twitter_creator":"@citizensclimate","twitter_site":"@citizensclimate","twitter_misc":{"Escrito por":"Steve Valk","Tiempo de lectura":"6 minutes"},"schema":{"@context":"https:\/\/schema.org","@graph":[{"@type":"Article","@id":"https:\/\/citizensclimatelobby.org\/es\/blog\/oradores-mensuales\/dra-dejarnett-como-cambio-climatico-amenaza-salud-publica\/#article","isPartOf":{"@id":"https:\/\/citizensclimatelobby.org\/es\/blog\/oradores-mensuales\/dra-dejarnett-como-cambio-climatico-amenaza-salud-publica\/"},"author":{"name":"Steve Valk","@id":"https:\/\/citizensclimatelobby.org\/#\/schema\/person\/6fef1cac6e0582e080ab159ac24d5965"},"headline":"Dra. DeJarnett explica c\u00f3mo el cambio clim\u00e1tico amenaza la salud p\u00fablica","datePublished":"2019-02-20T17:55:42+00:00","dateModified":"2019-02-25T23:25:56+00:00","mainEntityOfPage":{"@id":"https:\/\/citizensclimatelobby.org\/es\/blog\/oradores-mensuales\/dra-dejarnett-como-cambio-climatico-amenaza-salud-publica\/"},"wordCount":1290,"publisher":{"@id":"https:\/\/citizensclimatelobby.org\/#organization"},"articleSection":["Ampliar la base","Oradores mensuales"],"inLanguage":"es-ES"},{"@type":"WebPage","@id":"https:\/\/citizensclimatelobby.org\/es\/blog\/oradores-mensuales\/dra-dejarnett-como-cambio-climatico-amenaza-salud-publica\/","url":"https:\/\/citizensclimatelobby.org\/es\/blog\/oradores-mensuales\/dra-dejarnett-como-cambio-climatico-amenaza-salud-publica\/","name":"Dra. DeJarnett explica c\u00f3mo el cambio clim\u00e1tico amenaza la salud p\u00fablica | Citizens&#039; Climate Lobby","isPartOf":{"@id":"https:\/\/citizensclimatelobby.org\/#website"},"datePublished":"2019-02-20T17:55:42+00:00","dateModified":"2019-02-25T23:25:56+00:00","description":"La Dra. DeJarnett habl\u00f3 de c\u00f3mo el cambio clim\u00e1tico afecta a nuestra salud f\u00edsica y mental, adem\u00e1s de la importancia de comunicar estos impactos.","breadcrumb":{"@id":"https:\/\/citizensclimatelobby.org\/es\/blog\/oradores-mensuales\/dra-dejarnett-como-cambio-climatico-amenaza-salud-publica\/#breadcrumb"},"inLanguage":"es-ES","potentialAction":[{"@type":"ReadAction","target":["https:\/\/citizensclimatelobby.org\/es\/blog\/oradores-mensuales\/dra-dejarnett-como-cambio-climatico-amenaza-salud-publica\/"]}]},{"@type":"BreadcrumbList","@id":"https:\/\/citizensclimatelobby.org\/es\/blog\/oradores-mensuales\/dra-dejarnett-como-cambio-climatico-amenaza-salud-publica\/#breadcrumb","itemListElement":[{"@type":"ListItem","position":1,"name":"Home","item":"https:\/\/citizensclimatelobby.org\/es\/"},{"@type":"ListItem","position":2,"name":"Dra. DeJarnett explica c\u00f3mo el cambio clim\u00e1tico amenaza la salud p\u00fablica"}]},{"@type":"WebSite","@id":"https:\/\/citizensclimatelobby.org\/#website","url":"https:\/\/citizensclimatelobby.org\/","name":"Citizens&#039; Climate Lobby","description":"Political will for a livable world","publisher":{"@id":"https:\/\/citizensclimatelobby.org\/#organization"},"potentialAction":[{"@type":"SearchAction","target":{"@type":"EntryPoint","urlTemplate":"https:\/\/citizensclimatelobby.org\/?s={search_term_string}"},"query-input":"required name=search_term_string"}],"inLanguage":"es-ES"},{"@type":"Organization","@id":"https:\/\/citizensclimatelobby.org\/#organization","name":"Citizens' Climate Lobby","url":"https:\/\/citizensclimatelobby.org\/","logo":{"@type":"ImageObject","inLanguage":"es-ES","@id":"https:\/\/citizensclimatelobby.org\/#\/schema\/logo\/image\/","url":"https:\/\/citizensclimatelobby.org\/wp-content\/uploads\/2017\/04\/CCL-Logo.png","contentUrl":"https:\/\/citizensclimatelobby.org\/wp-content\/uploads\/2017\/04\/CCL-Logo.png","width":314,"height":201,"caption":"Citizens' Climate Lobby"},"image":{"@id":"https:\/\/citizensclimatelobby.org\/#\/schema\/logo\/image\/"},"sameAs":["https:\/\/www.facebook.com\/CitizensClimateLobby\/","https:\/\/twitter.com\/citizensclimate","https:\/\/www.instagram.com\/citizensclimate\/","https:\/\/www.linkedin.com\/company\/citizens-climate-lobby\/","https:\/\/www.youtube.com\/c\/CitizensClimateLobby","https:\/\/en.wikipedia.org\/wiki\/Citizens_Climate_Lobby"]},{"@type":"Person","@id":"https:\/\/citizensclimatelobby.org\/#\/schema\/person\/6fef1cac6e0582e080ab159ac24d5965","name":"Steve Valk","image":{"@type":"ImageObject","inLanguage":"es-ES","@id":"https:\/\/citizensclimatelobby.org\/#\/schema\/person\/image\/","url":"https:\/\/secure.gravatar.com\/avatar\/e2c193b5888dcb0648d5977741e2f12d?s=96&d=mm&r=g","contentUrl":"https:\/\/secure.gravatar.com\/avatar\/e2c193b5888dcb0648d5977741e2f12d?s=96&d=mm&r=g","caption":"Steve Valk"},"description":"Steve Valk is a former Communications Coordinator for Citizens' Climate Lobby. Steve joined the CCL staff in 2009 after a 30-year career with the Atlanta Journal-Constitution.","url":"https:\/\/citizensclimatelobby.org\/es\/blog\/author\/stevevalk\/"}]},"og_video":"https:\/\/www.youtube.com\/embed\/JRriFZH0koM","og_video_type":"text\/html","og_video_duration":"2349","og_video_width":"480","og_video_height":"270","ya_ovs_adult":"false","ya_ovs_upload_date":"2019-02-20T17:55:42+00:00","ya_ovs_allow_embed":"true"},"thumbnail_html":"<img width=\"1024\" height=\"522\" src=\"https:\/\/citizensclimatelobby.org\/wp-content\/uploads\/2019\/02\/img-dejarnett-feb-2019-ES-1.jpg\" class=\"attachment-large size-large wp-post-image\" alt=\"\" decoding=\"async\" \/>","sf_custom_excerpt":["La Dra. DeJarnett habl\u00f3 de c\u00f3mo el cambio clim\u00e1tico afecta a nuestra salud f\u00edsica y mental, adem\u00e1s de la importancia de comunicar estos impactos. "],"ccl_formatted_date":"febrero 20, 2019","_links":{"self":[{"href":"https:\/\/citizensclimatelobby.org\/es\/wp-json\/wp\/v2\/posts\/32326"}],"collection":[{"href":"https:\/\/citizensclimatelobby.org\/es\/wp-json\/wp\/v2\/posts"}],"about":[{"href":"https:\/\/citizensclimatelobby.org\/es\/wp-json\/wp\/v2\/types\/post"}],"author":[{"embeddable":true,"href":"https:\/\/citizensclimatelobby.org\/es\/wp-json\/wp\/v2\/users\/26"}],"replies":[{"embeddable":true,"href":"https:\/\/citizensclimatelobby.org\/es\/wp-json\/wp\/v2\/comments?post=32326"}],"version-history":[{"count":0,"href":"https:\/\/citizensclimatelobby.org\/es\/wp-json\/wp\/v2\/posts\/32326\/revisions"}],"wp:featuredmedia":[{"embeddable":true,"href":"https:\/\/citizensclimatelobby.org\/es\/wp-json\/wp\/v2\/media\/32337"}],"wp:attachment":[{"href":"https:\/\/citizensclimatelobby.org\/es\/wp-json\/wp\/v2\/media?parent=32326"}],"wp:term":[{"taxonomy":"category","embeddable":true,"href":"https:\/\/citizensclimatelobby.org\/es\/wp-json\/wp\/v2\/categories?post=32326"},{"taxonomy":"post_tag","embeddable":true,"href":"https:\/\/citizensclimatelobby.org\/es\/wp-json\/wp\/v2\/tags?post=32326"}],"curies":[{"name":"wp","href":"https:\/\/api.w.org\/{rel}","templated":true}]}}