{"id":33267,"date":"2019-06-21T18:00:27","date_gmt":"2019-06-21T18:00:27","guid":{"rendered":"https:\/\/stageccl.wpengine.com\/?p=33267"},"modified":"2019-06-21T18:36:23","modified_gmt":"2019-06-21T18:36:23","slug":"ccl-da-la-bienvenida-al-relanzamiento-del-caucus-para-soluciones-climaticas","status":"publish","type":"post","link":"https:\/\/citizensclimatelobby.org\/es\/blog\/noticias\/ccl-da-la-bienvenida-al-relanzamiento-del-caucus-para-soluciones-climaticas\/","title":{"rendered":"CCL da la bienvenida al relanzamiento del Caucus para Soluciones Clim\u00e1ticas"},"content":{"rendered":"<p>&nbsp;<\/p>\n<table border=\"0px\" cellspacing=\"0px\" cellpadding=\"0px\">\n<tbody>\n<tr>\n<td>\n<div id=\"attachment_33234\" style=\"width: 660px\" class=\"wp-caption aligncenter\"><img aria-describedby=\"caption-attachment-33234\" decoding=\"async\" class=\"size-full wp-image-33235\" src=\"https:\/\/citizensclimatelobby.org\/wp-content\/uploads\/2019\/06\/deuchandrooney.jpg\" alt=\"Francis Rooney, Ted Deutch\" width=\"650\" height=\"273\" srcset=\"https:\/\/citizensclimatelobby.org\/wp-content\/uploads\/2019\/06\/deuchandrooney.jpg 650w, https:\/\/citizensclimatelobby.org\/wp-content\/uploads\/2019\/06\/deuchandrooney-300x126.jpg 300w\" sizes=\"(max-width: 650px) 100vw, 650px\" \/><p id=\"caption-attachment-33234\" class=\"wp-caption-text\">Los Representantes Francis Rooney (R-FL) y Ted Deutch (D-FL) son los copresidentes del grupo bipartita Caucus para Soluciones Clim\u00e1ticas.<\/p><\/div>\n<h1>CCL da la bienvenida al relanzamiento del grupo bipartita Caucus para Soluciones Clim\u00e1ticas en la C\u00e1mara de Representantes<\/h1>\n<\/td>\n<\/tr>\n<tr>\n<td><\/td>\n<\/tr>\n<tr>\n<td>&nbsp;<\/p>\n<p><strong>WASHINGTON, DC, 2&#8242; de junio 2019<\/strong> &#8211; Ciudadanos por un Clima Vivible (CCL, por sus siglas en ingl\u00e9s) recibi\u00f3 con agrado el relanzamiento del bipartidario Caucus para Soluciones Clim\u00e1ticas en la C\u00e1mara de Representantes. El grupo celebr\u00f3 el jueves su primera reuni\u00f3n en el Congreso n\u00famero 116 bajo el liderazgo de los copresidentes, los Representantes Francis Rooney (R-FL) y Ted Deutch (D-FL).<\/p>\n<p>\u201cEl caucus sirve como una zona libre de cr\u00edtica donde los miembros de ambos partidos pueden unirse y tener un di\u00e1logo productivo sobre la reducci\u00f3n del riesgo del cambio clim\u00e1tico\u201d, dijo el director ejecutivo de CCL, Mark Reynolds. \u201cTiene el potencial de ser una incubadora para soluciones bipartidistas que tienen una buena posibilidad de aprobaci\u00f3n en la C\u00e1mara de Representantes\u201d.<\/p>\n<p>La mayor\u00eda de los miembros del caucus del Congreso n\u00famero 115 se han unido al caucus en este Congreso. Debido a que m\u00e1s dem\u00f3cratas regresaron a sus curules despu\u00e9s de las \u00faltimas elecciones, el caucus ya no se dividir\u00e1 igualmente entre los dos partidos. Sin embargo, en el futuro, los nuevos miembros se unir\u00e1n de dos en dos &#8211; un dem\u00f3crata y un republicano &#8211; a la vez.<\/p>\n<p>Adem\u00e1s de los miembros pasados del caucus, dos nuevos republicanos tambi\u00e9n se han unido a este esfuerzo: David Schweikert del Distrito 6 de Arizona y Rob Woodall del Distrito 7 de Georgia.<\/p>\n<p>Ciudadanos por un Clima Vivible considera que el enfoque bipartidista es el \u00fanico camino viable para solucionar el cambio clim\u00e1tico, una opini\u00f3n compartida por el copresidente del grupo, el Representante Deutch:<\/p>\n<p>\u201cLos estadounidenses quieren que los miembros del Congreso act\u00faen ante el cambio clim\u00e1tico. Pero no vamos a llegar a ninguna parte sin el apoyo bipartidista. Tenemos un grupo diverso de Dem\u00f3cratas y Republicanos que representan muchas partes diferentes del pa\u00eds. Este grupo refleja nuestra creencia compartida de que para alcanzar resultados significativos sobre el cambio clim\u00e1tico, debemos trabajar juntos; algo que espero con ansias\u201d.<\/p>\n<p>El copresidente republicano, Rooney, agreg\u00f3: \u201cEl Caucus para Soluciones Clim\u00e1ticas es un lugar bipartidista importante, donde los miembros pueden compartir ideas y debatir los m\u00e9ritos de c\u00f3mo resolver de una manera mejor las preocupaciones ambientales que enfrentamos como naci\u00f3n. El aumento del nivel del mar, las emisiones de carbono y la salud general de nuestro clima son problemas bipartidarios, y me alienta que haya un n\u00famero creciente de personas de ambos partidos dispuestos a trabajar en soluciones\u201d.<\/p>\n<p>La reaparici\u00f3n del Caucus para Soluciones Clim\u00e1ticas se produce en un momento en que la preocupaci\u00f3n p\u00fablica por el cambio clim\u00e1tico est\u00e1 <a class=\"western\" href=\"http:\/\/icm-tracking.meltwater.com\/link.php?DynEngagement=true&amp;H=AqX%2Fyxxn%2FCsKfNEzXNs%2BvxKe7ZZW379%2BIapVVCHkcj06tGRioNXHyZQtf8A%2FtEAqB4f%2BgD3vTD4psru8gZHeXZVr1jqNtnPOFjeSXsyDSlGePhvA3SavSxN1PQ1pKKaX&amp;G=0&amp;R=https%3A%2F%2Fclimatecommunication.yale.edu%2Fpublications%2Famericans-are-increasingly-alarmed-about-global-warming%2F&amp;I=20190620163935.000003e17638%40mail6-60-usnbn1&amp;X=MHwxMDQ2NzU4OjVkMGJiNmMzYjA1ZjM5NTQ1MjYyMjI0YTsxfDEwNDY3NTk6dHJ1ZTs%3D&amp;S=89sSC0__nWMyLywMrBBKLUp439oGLfx1jBPqUu1Vp6w\">aumentando<\/a>.<\/p>\n<p dir=\"ltr\"><img decoding=\"async\" class=\"aligncenter size-full wp-image-33237\" src=\"https:\/\/citizensclimatelobby.org\/wp-content\/uploads\/2019\/06\/yaleclimatecomm.png\" alt=\"climate communication\" width=\"650\" height=\"283\" srcset=\"https:\/\/citizensclimatelobby.org\/wp-content\/uploads\/2019\/06\/yaleclimatecomm.png 650w, https:\/\/citizensclimatelobby.org\/wp-content\/uploads\/2019\/06\/yaleclimatecomm-300x131.png 300w\" sizes=\"(max-width: 650px) 100vw, 650px\" \/><\/p>\n<p>A principios de este mes, el encuestador republicano Frank Luntz <a class=\"western\" href=\"http:\/\/icm-tracking.meltwater.com\/link.php?DynEngagement=true&amp;H=AqX%2Fyxxn%2FCsKfNEzXNs%2BvxKe7ZZW379%2BIapVVCHkcj06tGRioNXHyZQtf8A%2FtEAqB4f%2BgD3vTD4psru8gZHeXZVr1jqNtnPOFjeSXsyDSlGePhvA3SavSxN1PQ1pKKaX&amp;G=0&amp;R=https%3A%2F%2Fthehill.com%2Fpolicy%2Fenergy-environment%2F448162-gop-pollster-luntz-majority-of-younger-republicans-worried-by-party-stance-on-climate-change&amp;I=20190620163935.000003e17638%40mail6-60-usnbn1&amp;X=MHwxMDQ2NzU4OjVkMGJiNmMzYjA1ZjM5NTQ1MjYyMjI0YTsxfDEwNDY3NTk6dHJ1ZTs%3D&amp;S=b6jTzm8ZQJh_0S9uuSg7\">emiti\u00f3 un memorando<\/a> a los legisladores del Partido Republicano diciendo que el partido corre el riesgo de perder a los votantes m\u00e1s j\u00f3venes, los que est\u00e1n m\u00e1s preocupados por el cambio clim\u00e1tico.<\/p>\n<p>\u201cHa habido un cambio distinto en la conversaci\u00f3n sobre el cambio clim\u00e1tico en este Congreso\u201d, dijo el Vicepresidente de Asuntos Gubernamentales de CCL, Danny Richter. \u201cCada vez m\u00e1s, los republicanos reconocen la necesidad de abordar el cambio clim\u00e1tico. El trabajo del Caucus para Soluciones Clim\u00e1ticas ha desempe\u00f1ado un papel en ese cambio en los \u00faltimos a\u00f1os\u201d.<\/p>\n<h4 dir=\"ltr\">MEMBRES\u00cdA DEL CAUCUS POR SOLUCIONES CLIM\u00c1TICAS<br \/>\n<em>Listados por orden de incorporaci\u00f3n<\/em><\/h4>\n<div dir=\"ltr\">\n<table width=\"607\">\n<colgroup>\n<col width=\"*\" \/>\n<col width=\"*\" \/><\/colgroup>\n<tbody>\n<tr>\n<td valign=\"top\">\n<p dir=\"ltr\">REPUBLICANOS<\/p>\n<p dir=\"ltr\">Rep. Francis Rooney (FL-19) &#8211; <em>Copresidente republicano<\/em><br \/>\nRep. Lee Zeldin (NY-01)<br \/>\nRep. Mark Amodei (NV-02)<br \/>\nRep. Brian Fitzpatrick (PA-01)<br \/>\nRep. Elise Stefanik (NY-21)<br \/>\nRep. Brian Mast (FL-18)<br \/>\nRep. Don Bacon (NE-02)<br \/>\nRep. Rodney Davis (IL-13)<br \/>\nRep. Peter King (NY-02)<br \/>\nRep. Tom Reed (NY-23)<br \/>\nRep. Mike Gallagher (WI-08)<br \/>\nRep. David Joyce (OH-14)<br \/>\nRep. Jack Bergman (MI-01)<br \/>\nRep. Matt Gaetz (FL-01)<br \/>\nRep. Fred Upton (MI-06)<br \/>\nRep. Amata Radewagen (AS-00)<br \/>\nRep. Jenniffer Gonzalez-Colon (PR-00)<br \/>\nRep. Bill Posey (FL-08)<br \/>\nRep. Brett Guthrie (KY-02)<br \/>\nRep. Adam Kinzinger (IL-16)<br \/>\nRep. Rob Woodall (GA-07)<br \/>\nRep. David Schweikert (AZ-06)<\/p>\n<\/td>\n<td>\n<p dir=\"ltr\">DEM\u00d3CRATAS<\/p>\n<p dir=\"ltr\">Rep. Ted Deutch (FL-22) <em>Copresidente dem\u00f3crata<br \/>\n<\/em>Rep. Alan Lowenthal (CA-47)<br \/>\nRep. Brendan Boyle (PA-02)<br \/>\nRep. Seth Moulton (MA-06)<br \/>\nRep. Scott Peters (CA-52)<br \/>\nRep. Suzanne Bonamici (OR-01)<br \/>\nRep. Peter Welch (VT-00)<br \/>\nRep. Jim Himes (CT-04)<br \/>\nRep. Don Beyer (VA-08)<br \/>\nRep. Earl Blumenauer (OR-03)<br \/>\nRep. Charlie Crist (FL-13)<br \/>\nRep. Juan Vargas (CA-51)<br \/>\nRep. Jerry McNerney (CA-09)<br \/>\nRep. Anna Eshoo (CA-18)<br \/>\nRep. Daniel Lipinski (IL-03)<br \/>\nRep. Thomas Suozzi (NY-03)<br \/>\nRep. Salud Carbajal (CA-24)<br \/>\nRep. Mike Thompson (CA-05)<br \/>\nRep. Jimmy Panetta (CA-20)<br \/>\nRep. Stacey Plaskett (VI-00)<br \/>\nRep. Marcy Kaptur (OH-09)<br \/>\nRep. Derek Kilmer (WA-06)<br \/>\nRep. John Larson (CT-01)<br \/>\nRep. Nydia Velazquez (NY-07)<br \/>\nRep. Pete Aguilar (CA-31)<br \/>\nRep. David Cicilline (RI-01)<br \/>\nRep. Jan Schakowsky (IL-09)<br \/>\nRep. Judy Chu (CA-27)<br \/>\nRep. Eleanor Holmes Norton (DC-00)<br \/>\nRep. Ed Perlmutter (CO-07)<br \/>\nRep. Ron Kind (WI-03)<br \/>\nRep. Eliot Engel (NY-16)<br \/>\nRep. Robert Scott (VA-03)<br \/>\nRep. Stephen Lynch (MA-08)<br \/>\nRep. Ann Kuster (NH-02)<br \/>\nRep. Matt Cartwright (PA-08)<br \/>\nRep. Stephanie Murphy (FL-07)<br \/>\nRep. Josh Gottheimer (NJ-05)<br \/>\nRep. John Yarmuth (KY-03)<br \/>\nRep. Ami Bera (CA-07)<br \/>\nRep. Mike Doyle (PA-18)<\/p>\n<p dir=\"ltr\">\n<\/td>\n<\/tr>\n<\/tbody>\n<\/table>\n<\/div>\n<p>&nbsp;<\/p>\n<p dir=\"ltr\"><strong>CONTACTO<\/strong>: Steve Valk, 404-769-7461, <a href=\"mailto:steve@citizensclimate.org\" target=\"_blank\" rel=\"noopener noreferrer\">steve @ citizensclimate.org<\/a><\/p>\n<\/td>\n<\/tr>\n<\/tbody>\n<\/table>\n","protected":false},"excerpt":{"rendered":"<p>&nbsp; CCL da la bienvenida al relanzamiento del grupo bipartita Caucus para Soluciones Clim\u00e1ticas en la C\u00e1mara de Representantes &nbsp; WASHINGTON, DC, 2&#8242; de junio 2019 &#8211; Ciudadanos por un Clima Vivible (CCL, por sus siglas en ingl\u00e9s) recibi\u00f3 con agrado el relanzamiento del bipartidario Caucus para Soluciones Clim\u00e1ticas en la C\u00e1mara de Representantes. El grupo celebr\u00f3 el jueves su [&hellip;]<\/p>\n","protected":false},"author":26,"featured_media":33235,"comment_status":"closed","ping_status":"closed","sticky":false,"template":"","format":"standard","meta":{"footnotes":""},"categories":[920],"tags":[],"acf":[],"yoast_head":"<!-- This site is optimized with the Yoast SEO Premium plugin v21.3 (Yoast SEO v21.3) - https:\/\/yoast.com\/wordpress\/plugins\/seo\/ -->\n<title>CCL da la bienvenida al relanzamiento del Caucus para Soluciones Clim\u00e1ticas | Citizens&#039; Climate Lobby<\/title>\n<meta name=\"robots\" content=\"index, follow, max-snippet:-1, max-image-preview:large, max-video-preview:-1\" \/>\n<link rel=\"canonical\" href=\"https:\/\/citizensclimatelobby.org\/es\/blog\/noticias\/ccl-da-la-bienvenida-al-relanzamiento-del-caucus-para-soluciones-climaticas\/\" \/>\n<meta property=\"og:locale\" content=\"es_ES\" \/>\n<meta property=\"og:type\" content=\"article\" \/>\n<meta property=\"og:title\" content=\"CCL da la bienvenida al relanzamiento del Caucus para Soluciones Clim\u00e1ticas\" \/>\n<meta property=\"og:description\" content=\"&nbsp; CCL da la bienvenida al relanzamiento del grupo bipartita Caucus para Soluciones Clim\u00e1ticas en la C\u00e1mara de Representantes &nbsp; WASHINGTON, DC, 2&#8242; de junio 2019 &#8211; Ciudadanos por un Clima Vivible (CCL, por sus siglas en ingl\u00e9s) recibi\u00f3 con agrado el relanzamiento del bipartidario Caucus para Soluciones Clim\u00e1ticas en la C\u00e1mara de Representantes. El grupo celebr\u00f3 el jueves su [&hellip;]\" \/>\n<meta property=\"og:url\" content=\"https:\/\/citizensclimatelobby.org\/es\/blog\/noticias\/ccl-da-la-bienvenida-al-relanzamiento-del-caucus-para-soluciones-climaticas\/\" \/>\n<meta property=\"og:site_name\" content=\"Citizens&#039; Climate Lobby\" \/>\n<meta property=\"article:publisher\" content=\"https:\/\/www.facebook.com\/CitizensClimateLobby\/\" \/>\n<meta property=\"article:published_time\" content=\"2019-06-21T18:00:27+00:00\" \/>\n<meta property=\"article:modified_time\" content=\"2019-06-21T18:36:23+00:00\" \/>\n<meta property=\"og:image\" content=\"https:\/\/citizensclimatelobby.org\/wp-content\/uploads\/2019\/06\/deuchandrooney.jpg\" \/>\n\t<meta property=\"og:image:width\" content=\"650\" \/>\n\t<meta property=\"og:image:height\" content=\"273\" \/>\n\t<meta property=\"og:image:type\" content=\"image\/jpeg\" \/>\n<meta name=\"author\" content=\"Steve Valk\" \/>\n<meta name=\"twitter:card\" content=\"summary_large_image\" \/>\n<meta name=\"twitter:creator\" content=\"@citizensclimate\" \/>\n<meta name=\"twitter:site\" content=\"@citizensclimate\" \/>\n<meta name=\"twitter:label1\" content=\"Escrito por\" \/>\n\t<meta name=\"twitter:data1\" content=\"Steve Valk\" \/>\n\t<meta name=\"twitter:label2\" content=\"Tiempo de lectura\" \/>\n\t<meta name=\"twitter:data2\" content=\"4 minutes\" \/>\n<script type=\"application\/ld+json\" class=\"yoast-schema-graph\">{\"@context\":\"https:\/\/schema.org\",\"@graph\":[{\"@type\":\"Article\",\"@id\":\"https:\/\/citizensclimatelobby.org\/es\/blog\/noticias\/ccl-da-la-bienvenida-al-relanzamiento-del-caucus-para-soluciones-climaticas\/#article\",\"isPartOf\":{\"@id\":\"https:\/\/citizensclimatelobby.org\/es\/blog\/noticias\/ccl-da-la-bienvenida-al-relanzamiento-del-caucus-para-soluciones-climaticas\/\"},\"author\":{\"name\":\"Steve Valk\",\"@id\":\"https:\/\/citizensclimatelobby.org\/#\/schema\/person\/6fef1cac6e0582e080ab159ac24d5965\"},\"headline\":\"CCL da la bienvenida al relanzamiento del Caucus para Soluciones Clim\u00e1ticas\",\"datePublished\":\"2019-06-21T18:00:27+00:00\",\"dateModified\":\"2019-06-21T18:36:23+00:00\",\"mainEntityOfPage\":{\"@id\":\"https:\/\/citizensclimatelobby.org\/es\/blog\/noticias\/ccl-da-la-bienvenida-al-relanzamiento-del-caucus-para-soluciones-climaticas\/\"},\"wordCount\":904,\"publisher\":{\"@id\":\"https:\/\/citizensclimatelobby.org\/#organization\"},\"articleSection\":[\"Noticias de CCL\"],\"inLanguage\":\"es-ES\"},{\"@type\":\"WebPage\",\"@id\":\"https:\/\/citizensclimatelobby.org\/es\/blog\/noticias\/ccl-da-la-bienvenida-al-relanzamiento-del-caucus-para-soluciones-climaticas\/\",\"url\":\"https:\/\/citizensclimatelobby.org\/es\/blog\/noticias\/ccl-da-la-bienvenida-al-relanzamiento-del-caucus-para-soluciones-climaticas\/\",\"name\":\"CCL da la bienvenida al relanzamiento del Caucus para Soluciones Clim\u00e1ticas | Citizens&#039; Climate Lobby\",\"isPartOf\":{\"@id\":\"https:\/\/citizensclimatelobby.org\/#website\"},\"datePublished\":\"2019-06-21T18:00:27+00:00\",\"dateModified\":\"2019-06-21T18:36:23+00:00\",\"breadcrumb\":{\"@id\":\"https:\/\/citizensclimatelobby.org\/es\/blog\/noticias\/ccl-da-la-bienvenida-al-relanzamiento-del-caucus-para-soluciones-climaticas\/#breadcrumb\"},\"inLanguage\":\"es-ES\",\"potentialAction\":[{\"@type\":\"ReadAction\",\"target\":[\"https:\/\/citizensclimatelobby.org\/es\/blog\/noticias\/ccl-da-la-bienvenida-al-relanzamiento-del-caucus-para-soluciones-climaticas\/\"]}]},{\"@type\":\"BreadcrumbList\",\"@id\":\"https:\/\/citizensclimatelobby.org\/es\/blog\/noticias\/ccl-da-la-bienvenida-al-relanzamiento-del-caucus-para-soluciones-climaticas\/#breadcrumb\",\"itemListElement\":[{\"@type\":\"ListItem\",\"position\":1,\"name\":\"Home\",\"item\":\"https:\/\/citizensclimatelobby.org\/es\/\"},{\"@type\":\"ListItem\",\"position\":2,\"name\":\"CCL da la bienvenida al relanzamiento del Caucus para Soluciones Clim\u00e1ticas\"}]},{\"@type\":\"WebSite\",\"@id\":\"https:\/\/citizensclimatelobby.org\/#website\",\"url\":\"https:\/\/citizensclimatelobby.org\/\",\"name\":\"Citizens&#039; Climate Lobby\",\"description\":\"Political will for a livable world\",\"publisher\":{\"@id\":\"https:\/\/citizensclimatelobby.org\/#organization\"},\"potentialAction\":[{\"@type\":\"SearchAction\",\"target\":{\"@type\":\"EntryPoint\",\"urlTemplate\":\"https:\/\/citizensclimatelobby.org\/?s={search_term_string}\"},\"query-input\":\"required name=search_term_string\"}],\"inLanguage\":\"es-ES\"},{\"@type\":\"Organization\",\"@id\":\"https:\/\/citizensclimatelobby.org\/#organization\",\"name\":\"Citizens' Climate Lobby\",\"url\":\"https:\/\/citizensclimatelobby.org\/\",\"logo\":{\"@type\":\"ImageObject\",\"inLanguage\":\"es-ES\",\"@id\":\"https:\/\/citizensclimatelobby.org\/#\/schema\/logo\/image\/\",\"url\":\"https:\/\/citizensclimatelobby.org\/wp-content\/uploads\/2017\/04\/CCL-Logo.png\",\"contentUrl\":\"https:\/\/citizensclimatelobby.org\/wp-content\/uploads\/2017\/04\/CCL-Logo.png\",\"width\":314,\"height\":201,\"caption\":\"Citizens' Climate Lobby\"},\"image\":{\"@id\":\"https:\/\/citizensclimatelobby.org\/#\/schema\/logo\/image\/\"},\"sameAs\":[\"https:\/\/www.facebook.com\/CitizensClimateLobby\/\",\"https:\/\/twitter.com\/citizensclimate\",\"https:\/\/www.instagram.com\/citizensclimate\/\",\"https:\/\/www.linkedin.com\/company\/citizens-climate-lobby\/\",\"https:\/\/www.youtube.com\/c\/CitizensClimateLobby\",\"https:\/\/en.wikipedia.org\/wiki\/Citizens_Climate_Lobby\"]},{\"@type\":\"Person\",\"@id\":\"https:\/\/citizensclimatelobby.org\/#\/schema\/person\/6fef1cac6e0582e080ab159ac24d5965\",\"name\":\"Steve Valk\",\"image\":{\"@type\":\"ImageObject\",\"inLanguage\":\"es-ES\",\"@id\":\"https:\/\/citizensclimatelobby.org\/#\/schema\/person\/image\/\",\"url\":\"https:\/\/secure.gravatar.com\/avatar\/e2c193b5888dcb0648d5977741e2f12d?s=96&d=mm&r=g\",\"contentUrl\":\"https:\/\/secure.gravatar.com\/avatar\/e2c193b5888dcb0648d5977741e2f12d?s=96&d=mm&r=g\",\"caption\":\"Steve Valk\"},\"description\":\"Steve Valk is a former Communications Coordinator for Citizens' Climate Lobby. Steve joined the CCL staff in 2009 after a 30-year career with the Atlanta Journal-Constitution.\",\"url\":\"https:\/\/citizensclimatelobby.org\/es\/blog\/author\/stevevalk\/\"}]}<\/script>\n<!-- \/ Yoast SEO Premium plugin. -->","yoast_head_json":{"title":"CCL da la bienvenida al relanzamiento del Caucus para Soluciones Clim\u00e1ticas | Citizens&#039; Climate Lobby","robots":{"index":"index","follow":"follow","max-snippet":"max-snippet:-1","max-image-preview":"max-image-preview:large","max-video-preview":"max-video-preview:-1"},"canonical":"https:\/\/citizensclimatelobby.org\/es\/blog\/noticias\/ccl-da-la-bienvenida-al-relanzamiento-del-caucus-para-soluciones-climaticas\/","og_locale":"es_ES","og_type":"article","og_title":"CCL da la bienvenida al relanzamiento del Caucus para Soluciones Clim\u00e1ticas","og_description":"&nbsp; CCL da la bienvenida al relanzamiento del grupo bipartita Caucus para Soluciones Clim\u00e1ticas en la C\u00e1mara de Representantes &nbsp; WASHINGTON, DC, 2&#8242; de junio 2019 &#8211; Ciudadanos por un Clima Vivible (CCL, por sus siglas en ingl\u00e9s) recibi\u00f3 con agrado el relanzamiento del bipartidario Caucus para Soluciones Clim\u00e1ticas en la C\u00e1mara de Representantes. El grupo celebr\u00f3 el jueves su [&hellip;]","og_url":"https:\/\/citizensclimatelobby.org\/es\/blog\/noticias\/ccl-da-la-bienvenida-al-relanzamiento-del-caucus-para-soluciones-climaticas\/","og_site_name":"Citizens&#039; Climate Lobby","article_publisher":"https:\/\/www.facebook.com\/CitizensClimateLobby\/","article_published_time":"2019-06-21T18:00:27+00:00","article_modified_time":"2019-06-21T18:36:23+00:00","og_image":[{"width":650,"height":273,"url":"https:\/\/citizensclimatelobby.org\/wp-content\/uploads\/2019\/06\/deuchandrooney.jpg","type":"image\/jpeg"}],"author":"Steve Valk","twitter_card":"summary_large_image","twitter_creator":"@citizensclimate","twitter_site":"@citizensclimate","twitter_misc":{"Escrito por":"Steve Valk","Tiempo de lectura":"4 minutes"},"schema":{"@context":"https:\/\/schema.org","@graph":[{"@type":"Article","@id":"https:\/\/citizensclimatelobby.org\/es\/blog\/noticias\/ccl-da-la-bienvenida-al-relanzamiento-del-caucus-para-soluciones-climaticas\/#article","isPartOf":{"@id":"https:\/\/citizensclimatelobby.org\/es\/blog\/noticias\/ccl-da-la-bienvenida-al-relanzamiento-del-caucus-para-soluciones-climaticas\/"},"author":{"name":"Steve Valk","@id":"https:\/\/citizensclimatelobby.org\/#\/schema\/person\/6fef1cac6e0582e080ab159ac24d5965"},"headline":"CCL da la bienvenida al relanzamiento del Caucus para Soluciones Clim\u00e1ticas","datePublished":"2019-06-21T18:00:27+00:00","dateModified":"2019-06-21T18:36:23+00:00","mainEntityOfPage":{"@id":"https:\/\/citizensclimatelobby.org\/es\/blog\/noticias\/ccl-da-la-bienvenida-al-relanzamiento-del-caucus-para-soluciones-climaticas\/"},"wordCount":904,"publisher":{"@id":"https:\/\/citizensclimatelobby.org\/#organization"},"articleSection":["Noticias de CCL"],"inLanguage":"es-ES"},{"@type":"WebPage","@id":"https:\/\/citizensclimatelobby.org\/es\/blog\/noticias\/ccl-da-la-bienvenida-al-relanzamiento-del-caucus-para-soluciones-climaticas\/","url":"https:\/\/citizensclimatelobby.org\/es\/blog\/noticias\/ccl-da-la-bienvenida-al-relanzamiento-del-caucus-para-soluciones-climaticas\/","name":"CCL da la bienvenida al relanzamiento del Caucus para Soluciones Clim\u00e1ticas | Citizens&#039; Climate Lobby","isPartOf":{"@id":"https:\/\/citizensclimatelobby.org\/#website"},"datePublished":"2019-06-21T18:00:27+00:00","dateModified":"2019-06-21T18:36:23+00:00","breadcrumb":{"@id":"https:\/\/citizensclimatelobby.org\/es\/blog\/noticias\/ccl-da-la-bienvenida-al-relanzamiento-del-caucus-para-soluciones-climaticas\/#breadcrumb"},"inLanguage":"es-ES","potentialAction":[{"@type":"ReadAction","target":["https:\/\/citizensclimatelobby.org\/es\/blog\/noticias\/ccl-da-la-bienvenida-al-relanzamiento-del-caucus-para-soluciones-climaticas\/"]}]},{"@type":"BreadcrumbList","@id":"https:\/\/citizensclimatelobby.org\/es\/blog\/noticias\/ccl-da-la-bienvenida-al-relanzamiento-del-caucus-para-soluciones-climaticas\/#breadcrumb","itemListElement":[{"@type":"ListItem","position":1,"name":"Home","item":"https:\/\/citizensclimatelobby.org\/es\/"},{"@type":"ListItem","position":2,"name":"CCL da la bienvenida al relanzamiento del Caucus para Soluciones Clim\u00e1ticas"}]},{"@type":"WebSite","@id":"https:\/\/citizensclimatelobby.org\/#website","url":"https:\/\/citizensclimatelobby.org\/","name":"Citizens&#039; Climate Lobby","description":"Political will for a livable world","publisher":{"@id":"https:\/\/citizensclimatelobby.org\/#organization"},"potentialAction":[{"@type":"SearchAction","target":{"@type":"EntryPoint","urlTemplate":"https:\/\/citizensclimatelobby.org\/?s={search_term_string}"},"query-input":"required name=search_term_string"}],"inLanguage":"es-ES"},{"@type":"Organization","@id":"https:\/\/citizensclimatelobby.org\/#organization","name":"Citizens' Climate Lobby","url":"https:\/\/citizensclimatelobby.org\/","logo":{"@type":"ImageObject","inLanguage":"es-ES","@id":"https:\/\/citizensclimatelobby.org\/#\/schema\/logo\/image\/","url":"https:\/\/citizensclimatelobby.org\/wp-content\/uploads\/2017\/04\/CCL-Logo.png","contentUrl":"https:\/\/citizensclimatelobby.org\/wp-content\/uploads\/2017\/04\/CCL-Logo.png","width":314,"height":201,"caption":"Citizens' Climate Lobby"},"image":{"@id":"https:\/\/citizensclimatelobby.org\/#\/schema\/logo\/image\/"},"sameAs":["https:\/\/www.facebook.com\/CitizensClimateLobby\/","https:\/\/twitter.com\/citizensclimate","https:\/\/www.instagram.com\/citizensclimate\/","https:\/\/www.linkedin.com\/company\/citizens-climate-lobby\/","https:\/\/www.youtube.com\/c\/CitizensClimateLobby","https:\/\/en.wikipedia.org\/wiki\/Citizens_Climate_Lobby"]},{"@type":"Person","@id":"https:\/\/citizensclimatelobby.org\/#\/schema\/person\/6fef1cac6e0582e080ab159ac24d5965","name":"Steve Valk","image":{"@type":"ImageObject","inLanguage":"es-ES","@id":"https:\/\/citizensclimatelobby.org\/#\/schema\/person\/image\/","url":"https:\/\/secure.gravatar.com\/avatar\/e2c193b5888dcb0648d5977741e2f12d?s=96&d=mm&r=g","contentUrl":"https:\/\/secure.gravatar.com\/avatar\/e2c193b5888dcb0648d5977741e2f12d?s=96&d=mm&r=g","caption":"Steve Valk"},"description":"Steve Valk is a former Communications Coordinator for Citizens' Climate Lobby. Steve joined the CCL staff in 2009 after a 30-year career with the Atlanta Journal-Constitution.","url":"https:\/\/citizensclimatelobby.org\/es\/blog\/author\/stevevalk\/"}]}},"thumbnail_html":"<img width=\"650\" height=\"273\" src=\"https:\/\/citizensclimatelobby.org\/wp-content\/uploads\/2019\/06\/deuchandrooney.jpg\" class=\"attachment-large size-large wp-post-image\" alt=\"Francis Rooney, Ted Deuch\" decoding=\"async\" srcset=\"https:\/\/citizensclimatelobby.org\/wp-content\/uploads\/2019\/06\/deuchandrooney.jpg 650w, https:\/\/citizensclimatelobby.org\/wp-content\/uploads\/2019\/06\/deuchandrooney-300x126.jpg 300w\" sizes=\"(max-width: 650px) 100vw, 650px\" \/>","sf_custom_excerpt":["A medida que los estadounidenses cada vez m\u00e1s relatan ser \"alarmados\" sobre el cambio clim\u00e1tico, los legisladores de ambos partidos crean un foro para hablar de soluciones potenciales."],"ccl_formatted_date":"junio 21, 2019","_links":{"self":[{"href":"https:\/\/citizensclimatelobby.org\/es\/wp-json\/wp\/v2\/posts\/33267"}],"collection":[{"href":"https:\/\/citizensclimatelobby.org\/es\/wp-json\/wp\/v2\/posts"}],"about":[{"href":"https:\/\/citizensclimatelobby.org\/es\/wp-json\/wp\/v2\/types\/post"}],"author":[{"embeddable":true,"href":"https:\/\/citizensclimatelobby.org\/es\/wp-json\/wp\/v2\/users\/26"}],"replies":[{"embeddable":true,"href":"https:\/\/citizensclimatelobby.org\/es\/wp-json\/wp\/v2\/comments?post=33267"}],"version-history":[{"count":0,"href":"https:\/\/citizensclimatelobby.org\/es\/wp-json\/wp\/v2\/posts\/33267\/revisions"}],"wp:featuredmedia":[{"embeddable":true,"href":"https:\/\/citizensclimatelobby.org\/es\/wp-json\/wp\/v2\/media\/33235"}],"wp:attachment":[{"href":"https:\/\/citizensclimatelobby.org\/es\/wp-json\/wp\/v2\/media?parent=33267"}],"wp:term":[{"taxonomy":"category","embeddable":true,"href":"https:\/\/citizensclimatelobby.org\/es\/wp-json\/wp\/v2\/categories?post=33267"},{"taxonomy":"post_tag","embeddable":true,"href":"https:\/\/citizensclimatelobby.org\/es\/wp-json\/wp\/v2\/tags?post=33267"}],"curies":[{"name":"wp","href":"https:\/\/api.w.org\/{rel}","templated":true}]}}