{"id":34386,"date":"2019-10-16T18:58:24","date_gmt":"2019-10-16T18:58:24","guid":{"rendered":"https:\/\/stageccl.wpengine.com\/kiera-obrien-shares-her-experience-as-a-conservative-environmentalist\/"},"modified":"2019-12-06T19:58:41","modified_gmt":"2019-12-06T19:58:41","slug":"kiera-obrien-comparte-su-experiencia-como-ambientalista-conservadora","status":"publish","type":"post","link":"https:\/\/citizensclimatelobby.org\/es\/blog\/oradores-mensuales\/kiera-obrien-comparte-su-experiencia-como-ambientalista-conservadora\/","title":{"rendered":"Kiera O\u2019Brien comparte su experiencia como ambientalista conservadora"},"content":{"rendered":"<div id=\"attachment_34383\" style=\"width: 660px\" class=\"wp-caption aligncenter\"><img aria-describedby=\"caption-attachment-34383\" decoding=\"async\" class=\"size-full wp-image-34383\" src=\"https:\/\/citizensclimatelobby.org\/wp-content\/uploads\/2019\/10\/cmp-Kiera.jpg\" alt=\"Kiera O'Brien\" width=\"650\" height=\"356\" srcset=\"https:\/\/citizensclimatelobby.org\/wp-content\/uploads\/2019\/10\/cmp-Kiera.jpg 650w, https:\/\/citizensclimatelobby.org\/wp-content\/uploads\/2019\/10\/cmp-Kiera-300x164.jpg 300w\" sizes=\"(max-width: 650px) 100vw, 650px\" \/><p id=\"caption-attachment-34383\" class=\"wp-caption-text\">Kiera O&#8217;Brien de Students for Carbon Dividends (Estudiantes para Dividendos de Carbono) era la oradora invitada de CCL en el octubre de 2019.<\/p><\/div>\n<h1><span style=\"font-weight: 400;\">Kiera O\u2019Brien comparte su experiencia como ambientalista conservadora<\/span><\/h1>\n<h4>Por Hana Manjusak<\/h4>\n<p><i><span lang=\"es-ES\">Cada <\/span><span lang=\"es-ES\">mes<\/span><span lang=\"es-ES\">, Ciudadanos por un Clima Vivible organiza una reuni\u00f3n en l\u00ednea que destaca un orador invitado para educar a los oyentes sobre temas relacionados con el cambio clim\u00e1tico y nuestra propuesta de Dividendos Energ\u00e9ticos, y el Proyecto de Ley de Innovaci\u00f3n Energ\u00e9tica y Dividendos de Carbono. Vea los oradores anteriores <a class=\"western\" href=\"https:\/\/citizensclimatelobby.org\/es\/category\/reuniones-mensuales\" target=\"_blank\" rel=\"noopener noreferrer\">aqu\u00ed<\/a>.<\/span> <\/i><i>\u00a0<\/i><i><\/i><\/p>\n<p>Como la Vicepresidenta de Students for Carbon Dividends (Estudiantes para Dividendos de Carbono) y la Presidenta Em\u00e9rita del Club Republicano de Harvard, Kiera O\u2019Brien ha estado trabajando duro para movilizar la voluntad pol\u00edtica entre los estudiantes conservadores para una legislaci\u00f3n de dividendos de carbono. Las opiniones apasionadas de O&#8217;Brien sobre el cambio clim\u00e1tico han sido profundamente influenciadas por su crianza en Alaska, un estado donde existe una relaci\u00f3n importante entre los ciudadanos y el medio ambiente. Adem\u00e1s, su estado natal inform\u00f3 sus creencias pol\u00edticas. Ella es &#8220;inherentemente&#8221; una &#8220;republicana que se preocupa por el medio ambiente y los problemas clim\u00e1ticos&#8221;.<\/p>\n<p>Recientemente, O&#8217;Brien pudo testificar en una audiencia en el Congreso junto al encuestador republicano Frank Luntz. Para ella, la mejor parte fue la colaboraci\u00f3n; &#8220;Fue un proceso realmente incre\u00edble el poder compartir mis experiencias personales con estos miembros que leg\u00edtimamente quer\u00edan colaborar en estos temas de pol\u00edtica&#8221;.<\/p>\n<p><span style=\"font-weight: 400;\">\u00a0<\/span><\/p>\n<p><iframe title=\"Kiera O&#039;Brien | Citizens&#039; Climate Lobby | October 2019 Monthly Speaker\" width=\"500\" height=\"281\" src=\"https:\/\/www.youtube.com\/embed\/03ezLLDYmOs?wmode=transparent&amp;rel=0&amp;feature=oembed\" frameborder=\"0\" allow=\"accelerometer; autoplay; clipboard-write; encrypted-media; gyroscope; picture-in-picture\" allowfullscreen><\/iframe><\/p>\n<p><strong>&#8220;No importa con qui\u00e9n estoy hablando, me centro mucho en las historias&#8221;.<\/strong><\/p>\n<p>O&#8217;Brien habla con conservadores y liberales. Ella encuentra que es importante conectarse con quien est\u00e1 hablando y mostrarle a la persona que le importa. Ella dice: &#8220;Realmente creo que este es un tema bipartidista que es tan apremiante que necesitamos trabajar juntos&#8221;.<\/p>\n<p>Los Estudiantes para Dividendos de Carbono se encuentran actualmente en universidades en todo el pa\u00eds. La organizaci\u00f3n ha estado celebrando muchos eventos cada mes, y O&#8217;Brien est\u00e1 encantada de ver a d\u00f3nde ir\u00e1n desde aqu\u00ed. &#8220;Nos gustar\u00eda que aprueben Dividendos de Carbono. Ese es el objetivo final &#8230; pero m\u00e1s all\u00e1 de eso, estamos realmente entusiasmados con la red de universidades que hemos creado y el di\u00e1logo entre republicanos y dem\u00f3cratas en las universidades de todo el pa\u00eds &#8220;.<\/p>\n<p><b>Usando todas las herramientas en la caja de herramientas<\/b><\/p>\n<p>A menudo, cuando se habla con personas de diferentes creencias pol\u00edticas, se menciona la preocupaci\u00f3n por la justicia ambiental. O&#8217;Brien enfatiza que las personas que abogan por la justicia ambiental tambi\u00e9n deber\u00edan abogar por un precio al carbono. Ella dice, &#8220;un precio al carbono es una herramienta en la caja de herramientas, y los economistas han mostrado que es la herramienta m\u00e1s poderosa que tenemos en la caja de herramientas&#8221;.<\/p>\n<p>O&#8217;Brien expresa que ha habido un inter\u00e9s significativo en la &#8220;Declaraci\u00f3n de los economistas sobre los dividendos de carbono&#8221;. Ella apoya el plan del Consejo de Liderazgo Clim\u00e1tico, otro plan que aplica una tarifa al carbono y genera ingresos para las familias. Si bien el plan CLC y el plan CCL difieren, O&#8217;Brien dice que &#8220;siempre y cuando todos hagamos nuestra parte para poner el mensaje principal de los dividendos de carbono en primer plano, entonces hemos hecho lo que podemos hacer&#8221;.<\/p>\n<p><i><span style=\"font-weight: 400;\">Para obtener m\u00e1s informaci\u00f3n sobre Students For Carbon Dividends, visite <a href=\"https:\/\/www.s4cd.org\/\" target=\"_blank\" rel=\"noopener noreferrer\">su sitio web<\/a><\/span><\/i><i><span style=\"font-weight: 400;\">. Ver toda la reuni\u00f3n de octubre, incluso los comentarios completos de Kiera, <a href=\"https:\/\/www.youtube.com\/watch?v=03ezLLDYmOs\" target=\"_blank\" rel=\"noopener noreferrer\">aqu\u00ed<\/a><\/span><\/i><i><span style=\"font-weight: 400;\">. Sigue a Kiera O\u2019Brien en Instagram <a href=\"https:\/\/www.instagram.com\/kieraeobrien\/\" target=\"_blank\" rel=\"noopener noreferrer\">@kieraobrien<\/a>.<\/span><\/i><i><\/i><\/p>\n<p><em>Hana Manjusak es pasante de comunicaciones en Ciudadanos por un Clima Vivible. Ella es una estudiante de pregrado que actualmente estudia en el Instituto de Tecnolog\u00eda de Georgia con especializaci\u00f3n en Asuntos Internacionales.<\/em><\/p>\n<p>&nbsp;<\/p>\n","protected":false},"excerpt":{"rendered":"<p>Kiera O\u2019Brien comparte su experiencia como ambientalista conservadora Por Hana Manjusak Cada mes, Ciudadanos por un Clima Vivible organiza una reuni\u00f3n en l\u00ednea que destaca un orador invitado para educar a los oyentes sobre temas relacionados con el cambio clim\u00e1tico y nuestra propuesta de Dividendos Energ\u00e9ticos, y el Proyecto de Ley de Innovaci\u00f3n Energ\u00e9tica y Dividendos de Carbono. Vea los [&hellip;]<\/p>\n","protected":false},"author":26,"featured_media":34384,"comment_status":"closed","ping_status":"closed","sticky":false,"template":"","format":"standard","meta":{"footnotes":""},"categories":[927],"tags":[],"acf":[],"yoast_head":"<!-- This site is optimized with the Yoast SEO Premium plugin v21.3 (Yoast SEO v21.3) - https:\/\/yoast.com\/wordpress\/plugins\/seo\/ -->\n<title>Kiera O\u2019Brien comparte su experiencia como ambientalista conservadora<\/title>\n<meta name=\"description\" content=\"Kiera O\u2019Brien ha estado trabajando duro para mobilizar la voluntad pol\u00edtica entre los estudiantes conservadores para una legislaci\u00f3n de dividendos de carbono.\" \/>\n<meta name=\"robots\" content=\"index, follow, max-snippet:-1, max-image-preview:large, max-video-preview:-1\" \/>\n<link rel=\"canonical\" href=\"https:\/\/citizensclimatelobby.org\/es\/blog\/oradores-mensuales\/kiera-obrien-comparte-su-experiencia-como-ambientalista-conservadora\/\" \/>\n<meta property=\"og:locale\" content=\"es_ES\" \/>\n<meta property=\"og:type\" content=\"article\" \/>\n<meta property=\"og:title\" content=\"Kiera O\u2019Brien comparte su experiencia como ambientalista conservadora\" \/>\n<meta property=\"og:description\" content=\"Kiera O\u2019Brien ha estado trabajando duro para mobilizar la voluntad pol\u00edtica entre los estudiantes conservadores para una legislaci\u00f3n de dividendos de carbono.\" \/>\n<meta property=\"og:url\" content=\"https:\/\/citizensclimatelobby.org\/es\/blog\/oradores-mensuales\/kiera-obrien-comparte-su-experiencia-como-ambientalista-conservadora\/\" \/>\n<meta property=\"og:site_name\" content=\"Citizens&#039; Climate Lobby\" \/>\n<meta property=\"article:publisher\" content=\"https:\/\/www.facebook.com\/CitizensClimateLobby\/\" \/>\n<meta property=\"article:published_time\" content=\"2019-10-16T18:58:24+00:00\" \/>\n<meta property=\"article:modified_time\" content=\"2019-12-06T19:58:41+00:00\" \/>\n<meta property=\"og:image\" content=\"https:\/\/citizensclimatelobby.org\/wp-content\/uploads\/2019\/10\/cmp-Kiera.jpg\" \/>\n\t<meta property=\"og:image:width\" content=\"650\" \/>\n\t<meta property=\"og:image:height\" content=\"356\" \/>\n\t<meta property=\"og:image:type\" content=\"image\/jpeg\" \/>\n<meta name=\"author\" content=\"Steve Valk\" \/>\n<meta name=\"twitter:card\" content=\"summary_large_image\" \/>\n<meta name=\"twitter:creator\" content=\"@citizensclimate\" \/>\n<meta name=\"twitter:site\" content=\"@citizensclimate\" \/>\n<meta name=\"twitter:label1\" content=\"Escrito por\" \/>\n\t<meta name=\"twitter:data1\" content=\"Steve Valk\" \/>\n\t<meta name=\"twitter:label2\" content=\"Tiempo de lectura\" \/>\n\t<meta name=\"twitter:data2\" content=\"3 minutes\" \/>\n<script type=\"application\/ld+json\" class=\"yoast-schema-graph\">{\"@context\":\"https:\/\/schema.org\",\"@graph\":[{\"@type\":\"Article\",\"@id\":\"https:\/\/citizensclimatelobby.org\/es\/blog\/oradores-mensuales\/kiera-obrien-comparte-su-experiencia-como-ambientalista-conservadora\/#article\",\"isPartOf\":{\"@id\":\"https:\/\/citizensclimatelobby.org\/es\/blog\/oradores-mensuales\/kiera-obrien-comparte-su-experiencia-como-ambientalista-conservadora\/\"},\"author\":{\"name\":\"Steve Valk\",\"@id\":\"https:\/\/citizensclimatelobby.org\/#\/schema\/person\/6fef1cac6e0582e080ab159ac24d5965\"},\"headline\":\"Kiera O\u2019Brien comparte su experiencia como ambientalista conservadora\",\"datePublished\":\"2019-10-16T18:58:24+00:00\",\"dateModified\":\"2019-12-06T19:58:41+00:00\",\"mainEntityOfPage\":{\"@id\":\"https:\/\/citizensclimatelobby.org\/es\/blog\/oradores-mensuales\/kiera-obrien-comparte-su-experiencia-como-ambientalista-conservadora\/\"},\"wordCount\":667,\"publisher\":{\"@id\":\"https:\/\/citizensclimatelobby.org\/#organization\"},\"articleSection\":[\"Oradores mensuales\"],\"inLanguage\":\"es-ES\"},{\"@type\":\"WebPage\",\"@id\":\"https:\/\/citizensclimatelobby.org\/es\/blog\/oradores-mensuales\/kiera-obrien-comparte-su-experiencia-como-ambientalista-conservadora\/\",\"url\":\"https:\/\/citizensclimatelobby.org\/es\/blog\/oradores-mensuales\/kiera-obrien-comparte-su-experiencia-como-ambientalista-conservadora\/\",\"name\":\"Kiera O\u2019Brien comparte su experiencia como ambientalista conservadora\",\"isPartOf\":{\"@id\":\"https:\/\/citizensclimatelobby.org\/#website\"},\"datePublished\":\"2019-10-16T18:58:24+00:00\",\"dateModified\":\"2019-12-06T19:58:41+00:00\",\"description\":\"Kiera O\u2019Brien ha estado trabajando duro para mobilizar la voluntad pol\u00edtica entre los estudiantes conservadores para una legislaci\u00f3n de dividendos de carbono.\",\"breadcrumb\":{\"@id\":\"https:\/\/citizensclimatelobby.org\/es\/blog\/oradores-mensuales\/kiera-obrien-comparte-su-experiencia-como-ambientalista-conservadora\/#breadcrumb\"},\"inLanguage\":\"es-ES\",\"potentialAction\":[{\"@type\":\"ReadAction\",\"target\":[\"https:\/\/citizensclimatelobby.org\/es\/blog\/oradores-mensuales\/kiera-obrien-comparte-su-experiencia-como-ambientalista-conservadora\/\"]}]},{\"@type\":\"BreadcrumbList\",\"@id\":\"https:\/\/citizensclimatelobby.org\/es\/blog\/oradores-mensuales\/kiera-obrien-comparte-su-experiencia-como-ambientalista-conservadora\/#breadcrumb\",\"itemListElement\":[{\"@type\":\"ListItem\",\"position\":1,\"name\":\"Home\",\"item\":\"https:\/\/citizensclimatelobby.org\/es\/\"},{\"@type\":\"ListItem\",\"position\":2,\"name\":\"Kiera O\u2019Brien comparte su experiencia como ambientalista conservadora\"}]},{\"@type\":\"WebSite\",\"@id\":\"https:\/\/citizensclimatelobby.org\/#website\",\"url\":\"https:\/\/citizensclimatelobby.org\/\",\"name\":\"Citizens&#039; Climate Lobby\",\"description\":\"Political will for a livable world\",\"publisher\":{\"@id\":\"https:\/\/citizensclimatelobby.org\/#organization\"},\"potentialAction\":[{\"@type\":\"SearchAction\",\"target\":{\"@type\":\"EntryPoint\",\"urlTemplate\":\"https:\/\/citizensclimatelobby.org\/?s={search_term_string}\"},\"query-input\":\"required name=search_term_string\"}],\"inLanguage\":\"es-ES\"},{\"@type\":\"Organization\",\"@id\":\"https:\/\/citizensclimatelobby.org\/#organization\",\"name\":\"Citizens' Climate Lobby\",\"url\":\"https:\/\/citizensclimatelobby.org\/\",\"logo\":{\"@type\":\"ImageObject\",\"inLanguage\":\"es-ES\",\"@id\":\"https:\/\/citizensclimatelobby.org\/#\/schema\/logo\/image\/\",\"url\":\"https:\/\/citizensclimatelobby.org\/wp-content\/uploads\/2017\/04\/CCL-Logo.png\",\"contentUrl\":\"https:\/\/citizensclimatelobby.org\/wp-content\/uploads\/2017\/04\/CCL-Logo.png\",\"width\":314,\"height\":201,\"caption\":\"Citizens' Climate Lobby\"},\"image\":{\"@id\":\"https:\/\/citizensclimatelobby.org\/#\/schema\/logo\/image\/\"},\"sameAs\":[\"https:\/\/www.facebook.com\/CitizensClimateLobby\/\",\"https:\/\/twitter.com\/citizensclimate\",\"https:\/\/www.instagram.com\/citizensclimate\/\",\"https:\/\/www.linkedin.com\/company\/citizens-climate-lobby\/\",\"https:\/\/www.youtube.com\/c\/CitizensClimateLobby\",\"https:\/\/en.wikipedia.org\/wiki\/Citizens_Climate_Lobby\"]},{\"@type\":\"Person\",\"@id\":\"https:\/\/citizensclimatelobby.org\/#\/schema\/person\/6fef1cac6e0582e080ab159ac24d5965\",\"name\":\"Steve Valk\",\"image\":{\"@type\":\"ImageObject\",\"inLanguage\":\"es-ES\",\"@id\":\"https:\/\/citizensclimatelobby.org\/#\/schema\/person\/image\/\",\"url\":\"https:\/\/secure.gravatar.com\/avatar\/e2c193b5888dcb0648d5977741e2f12d?s=96&d=mm&r=g\",\"contentUrl\":\"https:\/\/secure.gravatar.com\/avatar\/e2c193b5888dcb0648d5977741e2f12d?s=96&d=mm&r=g\",\"caption\":\"Steve Valk\"},\"description\":\"Steve Valk is a former Communications Coordinator for Citizens' Climate Lobby. Steve joined the CCL staff in 2009 after a 30-year career with the Atlanta Journal-Constitution.\",\"url\":\"https:\/\/citizensclimatelobby.org\/es\/blog\/author\/stevevalk\/\"}]}<\/script>\n<meta property=\"og:video\" content=\"https:\/\/www.youtube.com\/embed\/03ezLLDYmOs\" \/>\n<meta property=\"og:video:type\" content=\"text\/html\" \/>\n<meta property=\"og:video:duration\" content=\"1948\" \/>\n<meta property=\"og:video:width\" content=\"480\" \/>\n<meta property=\"og:video:height\" content=\"270\" \/>\n<meta property=\"ya:ovs:adult\" content=\"false\" \/>\n<meta property=\"ya:ovs:upload_date\" content=\"2019-10-16T18:58:24+00:00\" \/>\n<meta property=\"ya:ovs:allow_embed\" content=\"true\" \/>\n<!-- \/ Yoast SEO Premium plugin. -->","yoast_head_json":{"title":"Kiera O\u2019Brien comparte su experiencia como ambientalista conservadora","description":"Kiera O\u2019Brien ha estado trabajando duro para mobilizar la voluntad pol\u00edtica entre los estudiantes conservadores para una legislaci\u00f3n de dividendos de carbono.","robots":{"index":"index","follow":"follow","max-snippet":"max-snippet:-1","max-image-preview":"max-image-preview:large","max-video-preview":"max-video-preview:-1"},"canonical":"https:\/\/citizensclimatelobby.org\/es\/blog\/oradores-mensuales\/kiera-obrien-comparte-su-experiencia-como-ambientalista-conservadora\/","og_locale":"es_ES","og_type":"article","og_title":"Kiera O\u2019Brien comparte su experiencia como ambientalista conservadora","og_description":"Kiera O\u2019Brien ha estado trabajando duro para mobilizar la voluntad pol\u00edtica entre los estudiantes conservadores para una legislaci\u00f3n de dividendos de carbono.","og_url":"https:\/\/citizensclimatelobby.org\/es\/blog\/oradores-mensuales\/kiera-obrien-comparte-su-experiencia-como-ambientalista-conservadora\/","og_site_name":"Citizens&#039; Climate Lobby","article_publisher":"https:\/\/www.facebook.com\/CitizensClimateLobby\/","article_published_time":"2019-10-16T18:58:24+00:00","article_modified_time":"2019-12-06T19:58:41+00:00","og_image":[{"width":650,"height":356,"url":"https:\/\/citizensclimatelobby.org\/wp-content\/uploads\/2019\/10\/cmp-Kiera.jpg","type":"image\/jpeg"}],"author":"Steve Valk","twitter_card":"summary_large_image","twitter_creator":"@citizensclimate","twitter_site":"@citizensclimate","twitter_misc":{"Escrito por":"Steve Valk","Tiempo de lectura":"3 minutes"},"schema":{"@context":"https:\/\/schema.org","@graph":[{"@type":"Article","@id":"https:\/\/citizensclimatelobby.org\/es\/blog\/oradores-mensuales\/kiera-obrien-comparte-su-experiencia-como-ambientalista-conservadora\/#article","isPartOf":{"@id":"https:\/\/citizensclimatelobby.org\/es\/blog\/oradores-mensuales\/kiera-obrien-comparte-su-experiencia-como-ambientalista-conservadora\/"},"author":{"name":"Steve Valk","@id":"https:\/\/citizensclimatelobby.org\/#\/schema\/person\/6fef1cac6e0582e080ab159ac24d5965"},"headline":"Kiera O\u2019Brien comparte su experiencia como ambientalista conservadora","datePublished":"2019-10-16T18:58:24+00:00","dateModified":"2019-12-06T19:58:41+00:00","mainEntityOfPage":{"@id":"https:\/\/citizensclimatelobby.org\/es\/blog\/oradores-mensuales\/kiera-obrien-comparte-su-experiencia-como-ambientalista-conservadora\/"},"wordCount":667,"publisher":{"@id":"https:\/\/citizensclimatelobby.org\/#organization"},"articleSection":["Oradores mensuales"],"inLanguage":"es-ES"},{"@type":"WebPage","@id":"https:\/\/citizensclimatelobby.org\/es\/blog\/oradores-mensuales\/kiera-obrien-comparte-su-experiencia-como-ambientalista-conservadora\/","url":"https:\/\/citizensclimatelobby.org\/es\/blog\/oradores-mensuales\/kiera-obrien-comparte-su-experiencia-como-ambientalista-conservadora\/","name":"Kiera O\u2019Brien comparte su experiencia como ambientalista conservadora","isPartOf":{"@id":"https:\/\/citizensclimatelobby.org\/#website"},"datePublished":"2019-10-16T18:58:24+00:00","dateModified":"2019-12-06T19:58:41+00:00","description":"Kiera O\u2019Brien ha estado trabajando duro para mobilizar la voluntad pol\u00edtica entre los estudiantes conservadores para una legislaci\u00f3n de dividendos de carbono.","breadcrumb":{"@id":"https:\/\/citizensclimatelobby.org\/es\/blog\/oradores-mensuales\/kiera-obrien-comparte-su-experiencia-como-ambientalista-conservadora\/#breadcrumb"},"inLanguage":"es-ES","potentialAction":[{"@type":"ReadAction","target":["https:\/\/citizensclimatelobby.org\/es\/blog\/oradores-mensuales\/kiera-obrien-comparte-su-experiencia-como-ambientalista-conservadora\/"]}]},{"@type":"BreadcrumbList","@id":"https:\/\/citizensclimatelobby.org\/es\/blog\/oradores-mensuales\/kiera-obrien-comparte-su-experiencia-como-ambientalista-conservadora\/#breadcrumb","itemListElement":[{"@type":"ListItem","position":1,"name":"Home","item":"https:\/\/citizensclimatelobby.org\/es\/"},{"@type":"ListItem","position":2,"name":"Kiera O\u2019Brien comparte su experiencia como ambientalista conservadora"}]},{"@type":"WebSite","@id":"https:\/\/citizensclimatelobby.org\/#website","url":"https:\/\/citizensclimatelobby.org\/","name":"Citizens&#039; Climate Lobby","description":"Political will for a livable world","publisher":{"@id":"https:\/\/citizensclimatelobby.org\/#organization"},"potentialAction":[{"@type":"SearchAction","target":{"@type":"EntryPoint","urlTemplate":"https:\/\/citizensclimatelobby.org\/?s={search_term_string}"},"query-input":"required name=search_term_string"}],"inLanguage":"es-ES"},{"@type":"Organization","@id":"https:\/\/citizensclimatelobby.org\/#organization","name":"Citizens' Climate Lobby","url":"https:\/\/citizensclimatelobby.org\/","logo":{"@type":"ImageObject","inLanguage":"es-ES","@id":"https:\/\/citizensclimatelobby.org\/#\/schema\/logo\/image\/","url":"https:\/\/citizensclimatelobby.org\/wp-content\/uploads\/2017\/04\/CCL-Logo.png","contentUrl":"https:\/\/citizensclimatelobby.org\/wp-content\/uploads\/2017\/04\/CCL-Logo.png","width":314,"height":201,"caption":"Citizens' Climate Lobby"},"image":{"@id":"https:\/\/citizensclimatelobby.org\/#\/schema\/logo\/image\/"},"sameAs":["https:\/\/www.facebook.com\/CitizensClimateLobby\/","https:\/\/twitter.com\/citizensclimate","https:\/\/www.instagram.com\/citizensclimate\/","https:\/\/www.linkedin.com\/company\/citizens-climate-lobby\/","https:\/\/www.youtube.com\/c\/CitizensClimateLobby","https:\/\/en.wikipedia.org\/wiki\/Citizens_Climate_Lobby"]},{"@type":"Person","@id":"https:\/\/citizensclimatelobby.org\/#\/schema\/person\/6fef1cac6e0582e080ab159ac24d5965","name":"Steve Valk","image":{"@type":"ImageObject","inLanguage":"es-ES","@id":"https:\/\/citizensclimatelobby.org\/#\/schema\/person\/image\/","url":"https:\/\/secure.gravatar.com\/avatar\/e2c193b5888dcb0648d5977741e2f12d?s=96&d=mm&r=g","contentUrl":"https:\/\/secure.gravatar.com\/avatar\/e2c193b5888dcb0648d5977741e2f12d?s=96&d=mm&r=g","caption":"Steve Valk"},"description":"Steve Valk is a former Communications Coordinator for Citizens' Climate Lobby. Steve joined the CCL staff in 2009 after a 30-year career with the Atlanta Journal-Constitution.","url":"https:\/\/citizensclimatelobby.org\/es\/blog\/author\/stevevalk\/"}]},"og_video":"https:\/\/www.youtube.com\/embed\/03ezLLDYmOs","og_video_type":"text\/html","og_video_duration":"1948","og_video_width":"480","og_video_height":"270","ya_ovs_adult":"false","ya_ovs_upload_date":"2019-10-16T18:58:24+00:00","ya_ovs_allow_embed":"true"},"thumbnail_html":"<img width=\"650\" height=\"356\" src=\"https:\/\/citizensclimatelobby.org\/wp-content\/uploads\/2019\/10\/cmp-Kiera.jpg\" class=\"attachment-large size-large wp-post-image\" alt=\"K\" decoding=\"async\" srcset=\"https:\/\/citizensclimatelobby.org\/wp-content\/uploads\/2019\/10\/cmp-Kiera.jpg 650w, https:\/\/citizensclimatelobby.org\/wp-content\/uploads\/2019\/10\/cmp-Kiera-300x164.jpg 300w\" sizes=\"(max-width: 650px) 100vw, 650px\" \/>","sf_custom_excerpt":["Kiera O\u2019Brien ha estado trabajando duro para mobilizar la voluntad pol\u00edtica entre los estudiantes conservadores para una legislaci\u00f3n de dividendos de carbono. "],"ccl_formatted_date":"octubre 16, 2019","_links":{"self":[{"href":"https:\/\/citizensclimatelobby.org\/es\/wp-json\/wp\/v2\/posts\/34386"}],"collection":[{"href":"https:\/\/citizensclimatelobby.org\/es\/wp-json\/wp\/v2\/posts"}],"about":[{"href":"https:\/\/citizensclimatelobby.org\/es\/wp-json\/wp\/v2\/types\/post"}],"author":[{"embeddable":true,"href":"https:\/\/citizensclimatelobby.org\/es\/wp-json\/wp\/v2\/users\/26"}],"replies":[{"embeddable":true,"href":"https:\/\/citizensclimatelobby.org\/es\/wp-json\/wp\/v2\/comments?post=34386"}],"version-history":[{"count":0,"href":"https:\/\/citizensclimatelobby.org\/es\/wp-json\/wp\/v2\/posts\/34386\/revisions"}],"wp:featuredmedia":[{"embeddable":true,"href":"https:\/\/citizensclimatelobby.org\/es\/wp-json\/wp\/v2\/media\/34384"}],"wp:attachment":[{"href":"https:\/\/citizensclimatelobby.org\/es\/wp-json\/wp\/v2\/media?parent=34386"}],"wp:term":[{"taxonomy":"category","embeddable":true,"href":"https:\/\/citizensclimatelobby.org\/es\/wp-json\/wp\/v2\/categories?post=34386"},{"taxonomy":"post_tag","embeddable":true,"href":"https:\/\/citizensclimatelobby.org\/es\/wp-json\/wp\/v2\/tags?post=34386"}],"curies":[{"name":"wp","href":"https:\/\/api.w.org\/{rel}","templated":true}]}}