{"id":49573,"date":"2022-07-28T21:36:28","date_gmt":"2022-07-28T21:36:28","guid":{"rendered":"https:\/\/stageccl.wpengine.com\/blog\/noticias\/ccl-celebrates-historic-climate-agreement-urges-passage-in-congress\/"},"modified":"2024-05-21T21:29:37","modified_gmt":"2024-05-21T21:29:37","slug":"ccl-celebra-el-acuerdo-historico-sobre-el-clima-e-invita-a-que-se-apruebe-en-el-congreso","status":"publish","type":"post","link":"https:\/\/citizensclimatelobby.org\/es\/blog\/noticias\/ccl-celebra-el-acuerdo-historico-sobre-el-clima-e-invita-a-que-se-apruebe-en-el-congreso\/","title":{"rendered":"CCL celebra el acuerdo hist\u00f3rico sobre el clima e invita a que se apruebe en el Congreso"},"content":{"rendered":"<p><img decoding=\"async\" class=\"alignnone wp-image-49577 \" src=\"https:\/\/citizensclimatelobby.org\/wp-content\/uploads\/2022\/07\/125459_CCLRevisedLogo_HORFullColor_101017-1024x147.png\" alt=\"\" width=\"1080\" height=\"155\" srcset=\"https:\/\/citizensclimatelobby.org\/wp-content\/uploads\/2022\/07\/125459_CCLRevisedLogo_HORFullColor_101017-1024x147.png 1024w, https:\/\/citizensclimatelobby.org\/wp-content\/uploads\/2022\/07\/125459_CCLRevisedLogo_HORFullColor_101017-300x43.png 300w, https:\/\/citizensclimatelobby.org\/wp-content\/uploads\/2022\/07\/125459_CCLRevisedLogo_HORFullColor_101017-768x110.png 768w, https:\/\/citizensclimatelobby.org\/wp-content\/uploads\/2022\/07\/125459_CCLRevisedLogo_HORFullColor_101017-1536x221.png 1536w, https:\/\/citizensclimatelobby.org\/wp-content\/uploads\/2022\/07\/125459_CCLRevisedLogo_HORFullColor_101017-2048x295.png 2048w, https:\/\/citizensclimatelobby.org\/wp-content\/uploads\/2022\/07\/125459_CCLRevisedLogo_HORFullColor_101017-1280x184.png 1280w\" sizes=\"(max-width: 1080px) 100vw, 1080px\" \/><\/p>\n<p><b>PARA DIFUSI\u00d3N INMEDIATA<\/b><\/p>\n<h1>CCL celebra el acuerdo hist\u00f3rico sobre el clima e invita a que se apruebe en el Congreso<\/h1>\n<p><strong>28 de julio de 2022<\/strong> &#8211; En un giro inesperado, <a href=\"https:\/\/citizensclimatelobby.org\/es\/blog\/noticias\/rechazo-de-manchin-no-impedira-que-los-defensores-del-clima-alcancen-sus-objetivos\/\">despu\u00e9s de que parecieran cerrarse las negociaciones hace menos de dos semanas<\/a>, el Senador, Joe Manchin, y el L\u00edder de la Mayor\u00eda Dem\u00f3crata del Senado, Chuck Schumer, han llegado a un acuerdo sobre las principales pol\u00edticas clim\u00e1ticas y energ\u00e9ticas que avanzar\u00e1n en el proyecto de ley de conciliaci\u00f3n presupuestaria de 2022.<\/p>\n<p>El paquete de conciliaci\u00f3n, denominado ahora<a href=\"https:\/\/www.democrats.senate.gov\/imo\/media\/doc\/inflation_reduction_act_of_2022.pdf\"> Proyecto de Ley de Reducci\u00f3n a la Inflacion de 2022<\/a>, pondr\u00e1 a Estados Unidos en la v\u00eda hacia una &#8220;reducci\u00f3n del 40% de las emisiones para 2030 y representar\u00eda la mayor inversi\u00f3n clim\u00e1tica en la historia de Estados Unidos&#8221;, seg\u00fan <a href=\"https:\/\/www.democrats.senate.gov\/imo\/media\/doc\/summary_of_the_energy_security_and_climate_change_investments_in_the_inflation_reduction_act_of_2022.pdf\">el resumen<\/a> de los dem\u00f3cratas del Senado. Gran parte de esa inversi\u00f3n consiste en importantes cr\u00e9ditos fiscales para generar energ\u00eda limpia.<\/p>\n<p>Es dif\u00edcil destacar lo positivo de esta noticia. Ciudadanos por un Clima Vivible apoya con entusiasmo esta enorme lista de pol\u00edticas clim\u00e1ticas; de hecho, nuestros voluntarios y personal han pasado los \u00faltimos 12 meses presionando al Congreso para que sea lo m\u00e1s exigente posible en cuanto a pol\u00edticas clim\u00e1ticas en este paquete de conciliaci\u00f3n. Muchos otros miembros del movimiento clim\u00e1tico hicieron lo mismo. Ahora parece que los dem\u00f3cratas del Senado han escuchado nuestra petici\u00f3n y han cumplido.<\/p>\n<p>Entre una de sus medidas, la legislaci\u00f3n &#8220;proporcionar\u00e1 una serie de incentivos a los consumidores para reducir los altos costos de la energ\u00eda y disminuir las facturas de los servicios p\u00fablicos&#8221;, lo que ayudar\u00e1 directamente a los hogares estadounidenses. Cuanto m\u00e1s r\u00e1pido podamos construir una econom\u00eda de energ\u00eda limpia, mejor, y los estadounidenses promedio necesitan este apoyo para lograrlo.<\/p>\n<p>Estamos especialmente felices de ver que la legislaci\u00f3n impondr\u00e1 una tarifa a la contaminaci\u00f3n por metano, un potente gas de efecto invernadero. La tarifa comienza en 900 d\u00f3lares\/tonelada y asciende a 1.500 d\u00f3lares\/tonelada en 2027. El equipo de investigaci\u00f3n de CCL calcula que esto supone un equivalente de 36 a 60 d\u00f3lares por tonelada de CO2. Esto sienta un precedente para la fijaci\u00f3n de precios de las emisiones de gases de efecto invernadero, validando las tarifas a la contaminaci\u00f3n como una valiosa herramienta para reducir las emisiones. CCL ha trabajado desde su creaci\u00f3n por un precio al carbono, y aunque este paquete no pone precio a las emisiones de di\u00f3xido de carbono, la tarifa a la contaminaci\u00f3n por metano es una victoria incre\u00edble para la fijaci\u00f3n de precios de las emisiones en los Estados Unidos.<\/p>\n<p>Adem\u00e1s de los cr\u00e9ditos fiscales a las energ\u00edas limpias y la tarifa a la contaminaci\u00f3n por metano, CCL aprecia que la legislaci\u00f3n incluya medidas para la agricultura clim\u00e1ticamente inteligente, la conservaci\u00f3n de los bosques, los h\u00e1bitats costeros, la financiaci\u00f3n para las comunidades de bajos recursos y mucho m\u00e1s.<\/p>\n<p>Esta legislaci\u00f3n no estar\u00eda avanzando sin el amplio apoyo pol\u00edtico para una acci\u00f3n clim\u00e1tica ambiciosa que los miembros de CCL de todo el pa\u00eds ayudaron a construir. Nuestra negativa a dejar de lado los grandes objetivos desde que se inici\u00f3 el proceso de conciliaci\u00f3n el pasado mes de julio ayud\u00f3 al Congreso a llegar a este momento. Estamos orgullosos de formar parte del ecosistema de defensa del clima que impuls\u00f3 este paquete e hizo posible el d\u00eda de hoy, e instamos al Congreso a aprobar esta legislaci\u00f3n.<\/p>\n<p>CONTACTO: Flannery Winchester, Directora de Comunicaciones de CCL, 615-337-3642, flannery@citizensclimate.org<\/p>\n","protected":false},"excerpt":{"rendered":"<p>PARA DIFUSI\u00d3N INMEDIATA CCL celebra el acuerdo hist\u00f3rico sobre el clima e invita a que se apruebe en el Congreso 28 de julio de 2022 &#8211; En un giro inesperado, despu\u00e9s de que parecieran cerrarse las negociaciones hace menos de dos semanas, el Senador, Joe Manchin, y el L\u00edder de la Mayor\u00eda Dem\u00f3crata del Senado, Chuck Schumer, han llegado a [&hellip;]<\/p>\n","protected":false},"author":64,"featured_media":27989,"comment_status":"closed","ping_status":"closed","sticky":false,"template":"","format":"standard","meta":{"footnotes":""},"categories":[920],"tags":[1927],"acf":[],"yoast_head":"<!-- This site is optimized with the Yoast SEO Premium plugin v21.3 (Yoast SEO v21.3) - https:\/\/yoast.com\/wordpress\/plugins\/seo\/ -->\n<title>CCL celebra el acuerdo hist\u00f3rico sobre el clima e invita a que se apruebe en el Congreso | Citizens&#039; Climate Lobby<\/title>\n<meta name=\"description\" content=\"CCL is enthusiastically supportive of these climate policies. We spent the last 12 months pushing Congress for ambition at this scale.\" \/>\n<meta name=\"robots\" content=\"index, follow, max-snippet:-1, max-image-preview:large, max-video-preview:-1\" \/>\n<link rel=\"canonical\" href=\"https:\/\/citizensclimatelobby.org\/es\/blog\/noticias\/ccl-celebra-el-acuerdo-historico-sobre-el-clima-e-invita-a-que-se-apruebe-en-el-congreso\/\" \/>\n<meta property=\"og:locale\" content=\"es_ES\" \/>\n<meta property=\"og:type\" content=\"article\" \/>\n<meta property=\"og:title\" content=\"CCL celebra el acuerdo hist\u00f3rico sobre el clima e invita a que se apruebe en el Congreso\" \/>\n<meta property=\"og:description\" content=\"CCL is enthusiastically supportive of these climate policies. We spent the last 12 months pushing Congress for ambition at this scale.\" \/>\n<meta property=\"og:url\" content=\"https:\/\/citizensclimatelobby.org\/es\/blog\/noticias\/ccl-celebra-el-acuerdo-historico-sobre-el-clima-e-invita-a-que-se-apruebe-en-el-congreso\/\" \/>\n<meta property=\"og:site_name\" content=\"Citizens&#039; Climate Lobby\" \/>\n<meta property=\"article:publisher\" content=\"https:\/\/www.facebook.com\/CitizensClimateLobby\/\" \/>\n<meta property=\"article:published_time\" content=\"2022-07-28T21:36:28+00:00\" \/>\n<meta property=\"article:modified_time\" content=\"2024-05-21T21:29:37+00:00\" \/>\n<meta property=\"og:image\" content=\"https:\/\/citizensclimatelobby.org\/wp-content\/uploads\/2018\/05\/125459_CCL-CCVLogo_SQFullColorv2_092517.png\" \/>\n\t<meta property=\"og:image:width\" content=\"3333\" \/>\n\t<meta property=\"og:image:height\" content=\"3333\" \/>\n\t<meta property=\"og:image:type\" content=\"image\/png\" \/>\n<meta name=\"author\" content=\"Flannery Winchester\" \/>\n<meta name=\"twitter:card\" content=\"summary_large_image\" \/>\n<meta name=\"twitter:creator\" content=\"@citizensclimate\" \/>\n<meta name=\"twitter:site\" content=\"@citizensclimate\" \/>\n<meta name=\"twitter:label1\" content=\"Escrito por\" \/>\n\t<meta name=\"twitter:data1\" content=\"Flannery Winchester\" \/>\n\t<meta name=\"twitter:label2\" content=\"Tiempo de lectura\" \/>\n\t<meta name=\"twitter:data2\" content=\"3 minutes\" \/>\n<script type=\"application\/ld+json\" class=\"yoast-schema-graph\">{\"@context\":\"https:\/\/schema.org\",\"@graph\":[{\"@type\":\"Article\",\"@id\":\"https:\/\/citizensclimatelobby.org\/es\/blog\/noticias\/ccl-celebra-el-acuerdo-historico-sobre-el-clima-e-invita-a-que-se-apruebe-en-el-congreso\/#article\",\"isPartOf\":{\"@id\":\"https:\/\/citizensclimatelobby.org\/es\/blog\/noticias\/ccl-celebra-el-acuerdo-historico-sobre-el-clima-e-invita-a-que-se-apruebe-en-el-congreso\/\"},\"author\":{\"name\":\"Flannery Winchester\",\"@id\":\"https:\/\/citizensclimatelobby.org\/#\/schema\/person\/3578b25cf8217706f0d470c9e8cc1cf8\"},\"headline\":\"CCL celebra el acuerdo hist\u00f3rico sobre el clima e invita a que se apruebe en el Congreso\",\"datePublished\":\"2022-07-28T21:36:28+00:00\",\"dateModified\":\"2024-05-21T21:29:37+00:00\",\"mainEntityOfPage\":{\"@id\":\"https:\/\/citizensclimatelobby.org\/es\/blog\/noticias\/ccl-celebra-el-acuerdo-historico-sobre-el-clima-e-invita-a-que-se-apruebe-en-el-congreso\/\"},\"wordCount\":647,\"publisher\":{\"@id\":\"https:\/\/citizensclimatelobby.org\/#organization\"},\"keywords\":[\"El Congreso\"],\"articleSection\":[\"Noticias de CCL\"],\"inLanguage\":\"es-ES\"},{\"@type\":\"WebPage\",\"@id\":\"https:\/\/citizensclimatelobby.org\/es\/blog\/noticias\/ccl-celebra-el-acuerdo-historico-sobre-el-clima-e-invita-a-que-se-apruebe-en-el-congreso\/\",\"url\":\"https:\/\/citizensclimatelobby.org\/es\/blog\/noticias\/ccl-celebra-el-acuerdo-historico-sobre-el-clima-e-invita-a-que-se-apruebe-en-el-congreso\/\",\"name\":\"CCL celebra el acuerdo hist\u00f3rico sobre el clima e invita a que se apruebe en el Congreso | Citizens&#039; Climate Lobby\",\"isPartOf\":{\"@id\":\"https:\/\/citizensclimatelobby.org\/#website\"},\"datePublished\":\"2022-07-28T21:36:28+00:00\",\"dateModified\":\"2024-05-21T21:29:37+00:00\",\"description\":\"CCL is enthusiastically supportive of these climate policies. We spent the last 12 months pushing Congress for ambition at this scale.\",\"breadcrumb\":{\"@id\":\"https:\/\/citizensclimatelobby.org\/es\/blog\/noticias\/ccl-celebra-el-acuerdo-historico-sobre-el-clima-e-invita-a-que-se-apruebe-en-el-congreso\/#breadcrumb\"},\"inLanguage\":\"es-ES\",\"potentialAction\":[{\"@type\":\"ReadAction\",\"target\":[\"https:\/\/citizensclimatelobby.org\/es\/blog\/noticias\/ccl-celebra-el-acuerdo-historico-sobre-el-clima-e-invita-a-que-se-apruebe-en-el-congreso\/\"]}]},{\"@type\":\"BreadcrumbList\",\"@id\":\"https:\/\/citizensclimatelobby.org\/es\/blog\/noticias\/ccl-celebra-el-acuerdo-historico-sobre-el-clima-e-invita-a-que-se-apruebe-en-el-congreso\/#breadcrumb\",\"itemListElement\":[{\"@type\":\"ListItem\",\"position\":1,\"name\":\"Home\",\"item\":\"https:\/\/citizensclimatelobby.org\/es\/\"},{\"@type\":\"ListItem\",\"position\":2,\"name\":\"CCL celebra el acuerdo hist\u00f3rico sobre el clima e invita a que se apruebe en el Congreso\"}]},{\"@type\":\"WebSite\",\"@id\":\"https:\/\/citizensclimatelobby.org\/#website\",\"url\":\"https:\/\/citizensclimatelobby.org\/\",\"name\":\"Citizens&#039; Climate Lobby\",\"description\":\"Political will for a livable world\",\"publisher\":{\"@id\":\"https:\/\/citizensclimatelobby.org\/#organization\"},\"potentialAction\":[{\"@type\":\"SearchAction\",\"target\":{\"@type\":\"EntryPoint\",\"urlTemplate\":\"https:\/\/citizensclimatelobby.org\/?s={search_term_string}\"},\"query-input\":\"required name=search_term_string\"}],\"inLanguage\":\"es-ES\"},{\"@type\":\"Organization\",\"@id\":\"https:\/\/citizensclimatelobby.org\/#organization\",\"name\":\"Citizens' Climate Lobby\",\"url\":\"https:\/\/citizensclimatelobby.org\/\",\"logo\":{\"@type\":\"ImageObject\",\"inLanguage\":\"es-ES\",\"@id\":\"https:\/\/citizensclimatelobby.org\/#\/schema\/logo\/image\/\",\"url\":\"https:\/\/citizensclimatelobby.org\/wp-content\/uploads\/2017\/04\/CCL-Logo.png\",\"contentUrl\":\"https:\/\/citizensclimatelobby.org\/wp-content\/uploads\/2017\/04\/CCL-Logo.png\",\"width\":314,\"height\":201,\"caption\":\"Citizens' Climate Lobby\"},\"image\":{\"@id\":\"https:\/\/citizensclimatelobby.org\/#\/schema\/logo\/image\/\"},\"sameAs\":[\"https:\/\/www.facebook.com\/CitizensClimateLobby\/\",\"https:\/\/twitter.com\/citizensclimate\",\"https:\/\/www.instagram.com\/citizensclimate\/\",\"https:\/\/www.linkedin.com\/company\/citizens-climate-lobby\/\",\"https:\/\/www.youtube.com\/c\/CitizensClimateLobby\",\"https:\/\/en.wikipedia.org\/wiki\/Citizens_Climate_Lobby\"]},{\"@type\":\"Person\",\"@id\":\"https:\/\/citizensclimatelobby.org\/#\/schema\/person\/3578b25cf8217706f0d470c9e8cc1cf8\",\"name\":\"Flannery Winchester\",\"image\":{\"@type\":\"ImageObject\",\"inLanguage\":\"es-ES\",\"@id\":\"https:\/\/citizensclimatelobby.org\/#\/schema\/person\/image\/\",\"url\":\"https:\/\/secure.gravatar.com\/avatar\/0ed139f6db657338ecaa4ee999a80e1e?s=96&d=mm&r=g\",\"contentUrl\":\"https:\/\/secure.gravatar.com\/avatar\/0ed139f6db657338ecaa4ee999a80e1e?s=96&d=mm&r=g\",\"caption\":\"Flannery Winchester\"},\"description\":\"Flannery Winchester has put her words to work for magazines, for marketing agencies, and now for our earth as CCL's Communications Director. She is grateful to spend every day working to preserve this beautiful planet.\",\"url\":\"https:\/\/citizensclimatelobby.org\/es\/blog\/author\/flannery\/\"}]}<\/script>\n<!-- \/ Yoast SEO Premium plugin. -->","yoast_head_json":{"title":"CCL celebra el acuerdo hist\u00f3rico sobre el clima e invita a que se apruebe en el Congreso | Citizens&#039; Climate Lobby","description":"CCL is enthusiastically supportive of these climate policies. We spent the last 12 months pushing Congress for ambition at this scale.","robots":{"index":"index","follow":"follow","max-snippet":"max-snippet:-1","max-image-preview":"max-image-preview:large","max-video-preview":"max-video-preview:-1"},"canonical":"https:\/\/citizensclimatelobby.org\/es\/blog\/noticias\/ccl-celebra-el-acuerdo-historico-sobre-el-clima-e-invita-a-que-se-apruebe-en-el-congreso\/","og_locale":"es_ES","og_type":"article","og_title":"CCL celebra el acuerdo hist\u00f3rico sobre el clima e invita a que se apruebe en el Congreso","og_description":"CCL is enthusiastically supportive of these climate policies. We spent the last 12 months pushing Congress for ambition at this scale.","og_url":"https:\/\/citizensclimatelobby.org\/es\/blog\/noticias\/ccl-celebra-el-acuerdo-historico-sobre-el-clima-e-invita-a-que-se-apruebe-en-el-congreso\/","og_site_name":"Citizens&#039; Climate Lobby","article_publisher":"https:\/\/www.facebook.com\/CitizensClimateLobby\/","article_published_time":"2022-07-28T21:36:28+00:00","article_modified_time":"2024-05-21T21:29:37+00:00","og_image":[{"width":3333,"height":3333,"url":"https:\/\/citizensclimatelobby.org\/wp-content\/uploads\/2018\/05\/125459_CCL-CCVLogo_SQFullColorv2_092517.png","type":"image\/png"}],"author":"Flannery Winchester","twitter_card":"summary_large_image","twitter_creator":"@citizensclimate","twitter_site":"@citizensclimate","twitter_misc":{"Escrito por":"Flannery Winchester","Tiempo de lectura":"3 minutes"},"schema":{"@context":"https:\/\/schema.org","@graph":[{"@type":"Article","@id":"https:\/\/citizensclimatelobby.org\/es\/blog\/noticias\/ccl-celebra-el-acuerdo-historico-sobre-el-clima-e-invita-a-que-se-apruebe-en-el-congreso\/#article","isPartOf":{"@id":"https:\/\/citizensclimatelobby.org\/es\/blog\/noticias\/ccl-celebra-el-acuerdo-historico-sobre-el-clima-e-invita-a-que-se-apruebe-en-el-congreso\/"},"author":{"name":"Flannery Winchester","@id":"https:\/\/citizensclimatelobby.org\/#\/schema\/person\/3578b25cf8217706f0d470c9e8cc1cf8"},"headline":"CCL celebra el acuerdo hist\u00f3rico sobre el clima e invita a que se apruebe en el Congreso","datePublished":"2022-07-28T21:36:28+00:00","dateModified":"2024-05-21T21:29:37+00:00","mainEntityOfPage":{"@id":"https:\/\/citizensclimatelobby.org\/es\/blog\/noticias\/ccl-celebra-el-acuerdo-historico-sobre-el-clima-e-invita-a-que-se-apruebe-en-el-congreso\/"},"wordCount":647,"publisher":{"@id":"https:\/\/citizensclimatelobby.org\/#organization"},"keywords":["El Congreso"],"articleSection":["Noticias de CCL"],"inLanguage":"es-ES"},{"@type":"WebPage","@id":"https:\/\/citizensclimatelobby.org\/es\/blog\/noticias\/ccl-celebra-el-acuerdo-historico-sobre-el-clima-e-invita-a-que-se-apruebe-en-el-congreso\/","url":"https:\/\/citizensclimatelobby.org\/es\/blog\/noticias\/ccl-celebra-el-acuerdo-historico-sobre-el-clima-e-invita-a-que-se-apruebe-en-el-congreso\/","name":"CCL celebra el acuerdo hist\u00f3rico sobre el clima e invita a que se apruebe en el Congreso | Citizens&#039; Climate Lobby","isPartOf":{"@id":"https:\/\/citizensclimatelobby.org\/#website"},"datePublished":"2022-07-28T21:36:28+00:00","dateModified":"2024-05-21T21:29:37+00:00","description":"CCL is enthusiastically supportive of these climate policies. We spent the last 12 months pushing Congress for ambition at this scale.","breadcrumb":{"@id":"https:\/\/citizensclimatelobby.org\/es\/blog\/noticias\/ccl-celebra-el-acuerdo-historico-sobre-el-clima-e-invita-a-que-se-apruebe-en-el-congreso\/#breadcrumb"},"inLanguage":"es-ES","potentialAction":[{"@type":"ReadAction","target":["https:\/\/citizensclimatelobby.org\/es\/blog\/noticias\/ccl-celebra-el-acuerdo-historico-sobre-el-clima-e-invita-a-que-se-apruebe-en-el-congreso\/"]}]},{"@type":"BreadcrumbList","@id":"https:\/\/citizensclimatelobby.org\/es\/blog\/noticias\/ccl-celebra-el-acuerdo-historico-sobre-el-clima-e-invita-a-que-se-apruebe-en-el-congreso\/#breadcrumb","itemListElement":[{"@type":"ListItem","position":1,"name":"Home","item":"https:\/\/citizensclimatelobby.org\/es\/"},{"@type":"ListItem","position":2,"name":"CCL celebra el acuerdo hist\u00f3rico sobre el clima e invita a que se apruebe en el Congreso"}]},{"@type":"WebSite","@id":"https:\/\/citizensclimatelobby.org\/#website","url":"https:\/\/citizensclimatelobby.org\/","name":"Citizens&#039; Climate Lobby","description":"Political will for a livable world","publisher":{"@id":"https:\/\/citizensclimatelobby.org\/#organization"},"potentialAction":[{"@type":"SearchAction","target":{"@type":"EntryPoint","urlTemplate":"https:\/\/citizensclimatelobby.org\/?s={search_term_string}"},"query-input":"required name=search_term_string"}],"inLanguage":"es-ES"},{"@type":"Organization","@id":"https:\/\/citizensclimatelobby.org\/#organization","name":"Citizens' Climate Lobby","url":"https:\/\/citizensclimatelobby.org\/","logo":{"@type":"ImageObject","inLanguage":"es-ES","@id":"https:\/\/citizensclimatelobby.org\/#\/schema\/logo\/image\/","url":"https:\/\/citizensclimatelobby.org\/wp-content\/uploads\/2017\/04\/CCL-Logo.png","contentUrl":"https:\/\/citizensclimatelobby.org\/wp-content\/uploads\/2017\/04\/CCL-Logo.png","width":314,"height":201,"caption":"Citizens' Climate Lobby"},"image":{"@id":"https:\/\/citizensclimatelobby.org\/#\/schema\/logo\/image\/"},"sameAs":["https:\/\/www.facebook.com\/CitizensClimateLobby\/","https:\/\/twitter.com\/citizensclimate","https:\/\/www.instagram.com\/citizensclimate\/","https:\/\/www.linkedin.com\/company\/citizens-climate-lobby\/","https:\/\/www.youtube.com\/c\/CitizensClimateLobby","https:\/\/en.wikipedia.org\/wiki\/Citizens_Climate_Lobby"]},{"@type":"Person","@id":"https:\/\/citizensclimatelobby.org\/#\/schema\/person\/3578b25cf8217706f0d470c9e8cc1cf8","name":"Flannery Winchester","image":{"@type":"ImageObject","inLanguage":"es-ES","@id":"https:\/\/citizensclimatelobby.org\/#\/schema\/person\/image\/","url":"https:\/\/secure.gravatar.com\/avatar\/0ed139f6db657338ecaa4ee999a80e1e?s=96&d=mm&r=g","contentUrl":"https:\/\/secure.gravatar.com\/avatar\/0ed139f6db657338ecaa4ee999a80e1e?s=96&d=mm&r=g","caption":"Flannery Winchester"},"description":"Flannery Winchester has put her words to work for magazines, for marketing agencies, and now for our earth as CCL's Communications Director. She is grateful to spend every day working to preserve this beautiful planet.","url":"https:\/\/citizensclimatelobby.org\/es\/blog\/author\/flannery\/"}]}},"thumbnail_html":"<img width=\"1024\" height=\"1024\" src=\"https:\/\/citizensclimatelobby.org\/wp-content\/uploads\/2018\/05\/125459_CCL-CCVLogo_SQFullColorv2_092517-1024x1024.png\" class=\"attachment-large size-large wp-post-image\" alt=\"Ciudadanos por un Clima Vivible\" decoding=\"async\" srcset=\"https:\/\/citizensclimatelobby.org\/wp-content\/uploads\/2018\/05\/125459_CCL-CCVLogo_SQFullColorv2_092517-1024x1024.png 1024w, https:\/\/citizensclimatelobby.org\/wp-content\/uploads\/2018\/05\/125459_CCL-CCVLogo_SQFullColorv2_092517-150x150.png 150w, https:\/\/citizensclimatelobby.org\/wp-content\/uploads\/2018\/05\/125459_CCL-CCVLogo_SQFullColorv2_092517-300x300.png 300w, https:\/\/citizensclimatelobby.org\/wp-content\/uploads\/2018\/05\/125459_CCL-CCVLogo_SQFullColorv2_092517-768x768.png 768w, https:\/\/citizensclimatelobby.org\/wp-content\/uploads\/2018\/05\/125459_CCL-CCVLogo_SQFullColorv2_092517-250x250.png 250w, https:\/\/citizensclimatelobby.org\/wp-content\/uploads\/2018\/05\/125459_CCL-CCVLogo_SQFullColorv2_092517-1280x1280.png 1280w\" sizes=\"(max-width: 1024px) 100vw, 1024px\" \/>","sf_custom_excerpt":["Ciudadanos por un Clima Vivible apoya con entusiasmo esta enorme lista de pol\u00edticas clim\u00e1ticas; de hecho, nuestros voluntarios y personal han pasado los \u00faltimos 12 meses presionando al Congreso para que sea lo m\u00e1s exigente posible en cuanto a pol\u00edticas clim\u00e1ticas en este paquete de conciliaci\u00f3n. "],"ccl_formatted_date":"julio 28, 2022","_links":{"self":[{"href":"https:\/\/citizensclimatelobby.org\/es\/wp-json\/wp\/v2\/posts\/49573"}],"collection":[{"href":"https:\/\/citizensclimatelobby.org\/es\/wp-json\/wp\/v2\/posts"}],"about":[{"href":"https:\/\/citizensclimatelobby.org\/es\/wp-json\/wp\/v2\/types\/post"}],"author":[{"embeddable":true,"href":"https:\/\/citizensclimatelobby.org\/es\/wp-json\/wp\/v2\/users\/64"}],"replies":[{"embeddable":true,"href":"https:\/\/citizensclimatelobby.org\/es\/wp-json\/wp\/v2\/comments?post=49573"}],"version-history":[{"count":0,"href":"https:\/\/citizensclimatelobby.org\/es\/wp-json\/wp\/v2\/posts\/49573\/revisions"}],"wp:featuredmedia":[{"embeddable":true,"href":"https:\/\/citizensclimatelobby.org\/es\/wp-json\/wp\/v2\/media\/27989"}],"wp:attachment":[{"href":"https:\/\/citizensclimatelobby.org\/es\/wp-json\/wp\/v2\/media?parent=49573"}],"wp:term":[{"taxonomy":"category","embeddable":true,"href":"https:\/\/citizensclimatelobby.org\/es\/wp-json\/wp\/v2\/categories?post=49573"},{"taxonomy":"post_tag","embeddable":true,"href":"https:\/\/citizensclimatelobby.org\/es\/wp-json\/wp\/v2\/tags?post=49573"}],"curies":[{"name":"wp","href":"https:\/\/api.w.org\/{rel}","templated":true}]}}